{"id":2205,"date":"2025-06-23T13:53:09","date_gmt":"2025-06-23T13:53:09","guid":{"rendered":"https:\/\/ombudesk.com\/?p=2205"},"modified":"2026-04-10T11:51:35","modified_gmt":"2026-04-10T11:51:35","slug":"ombudsstelle-des-bmluk","status":"publish","type":"post","link":"https:\/\/ombudesk.com\/sk\/2025\/06\/23\/ombudsstelle-des-bmluk\/","title":{"rendered":"Ombudsstelle des BMLUK"},"content":{"rendered":"<div data-elementor-type=\"wp-post\" data-elementor-id=\"2205\" class=\"elementor elementor-2205\" data-elementor-post-type=\"post\">\n\t\t\t\t<div class=\"elementor-element elementor-element-33a2faf e-flex e-con-boxed e-con e-parent\" data-id=\"33a2faf\" data-element_type=\"container\" data-e-type=\"container\">\n\t\t\t\t\t<div class=\"e-con-inner\">\n\t\t\t\t<div class=\"elementor-element elementor-element-f7d776e elementor-widget elementor-widget-image\" data-id=\"f7d776e\" data-element_type=\"widget\" data-e-type=\"widget\" data-widget_type=\"image.default\">\n\t\t\t\t<div class=\"elementor-widget-container\">\n\t\t\t\t\t\t\t\t\t\t\t\t\t\t\t<img fetchpriority=\"high\" decoding=\"async\" width=\"300\" height=\"169\" src=\"https:\/\/ombudesk.com\/wp-content\/uploads\/sites\/4\/2025\/06\/BML-1.svg\" class=\"attachment-medium size-medium wp-image-2451\" alt=\"Bundesministerium f\u00fcr Land- und Forstwirtschaft Logo\" \/>\t\t\t\t\t\t\t\t\t\t\t\t\t\t\t<\/div>\n\t\t\t\t<\/div>\n\t\t\t\t<div class=\"elementor-element elementor-element-676b135 elementor-widget elementor-widget-text-editor\" data-id=\"676b135\" data-element_type=\"widget\" data-e-type=\"widget\" data-widget_type=\"text-editor.default\">\n\t\t\t\t<div class=\"elementor-widget-container\">\n\t\t\t\t\t\t\t\t\t<p>Das <a href=\"https:\/\/www.bmluk.gv.at\/\">Bundesministeriums Land- und Forstwirtschaft, Klima- und Umweltschutz, Regionen und Wasserwirtschaft<\/a> bietet eine <a href=\"https:\/\/www.bmluk.gv.at\/service\/servicestelle\/buergerservice.html\">Ombudsstelle<\/a> f\u00fcr Fragen und Anliegen zu den zust\u00e4ndigen Bereichen.<\/p><div class=\"richtext_output\">\u00a0<\/div><div><span style=\"text-decoration: underline;\"><strong>Kontaktujte n\u00e1s<\/strong><\/span>:<\/div><div>\u00a0<\/div><div><a href=\"https:\/\/www.bmluk.gv.at\/service\/servicestelle\/buergerservice.html\">Hier finden Sie alle Informationen, um einen Schlichtungsantrag zu stellen.<\/a><\/div><div>\u00a0<\/div><div><p><strong><span style=\"text-decoration: underline;\">Email<\/span>: <\/strong>service@bmluk.gv.at<\/p><p><span style=\"text-decoration: underline;\"><strong>Telefon<\/strong><\/span>: 0800 500 198<\/p><p>(Mo.-Fr.: 08:00-14:00 Uhr<\/p><\/div>\t\t\t\t\t\t\t\t<\/div>\n\t\t\t\t<\/div>\n\t\t\t\t\t<\/div>\n\t\t\t\t<\/div>\n\t\t\t\t<\/div>","protected":false},"excerpt":{"rendered":"<p>Das Bundesministeriums Land- und Forstwirtschaft, Klima- und Umweltschutz, Regionen und Wasserwirtschaft bietet eine Ombudsstelle f\u00fcr Fragen und Anliegen zu den zust\u00e4ndigen Bereichen. \u00a0Kontakt:\u00a0Hier finden Sie alle Informationen, um einen Schlichtungsantrag zu stellen.\u00a0 E-Mail: service@bmluk.gv.at Telefon: 0800 500 198 (Mo.-Fr.: 08:00-14:00 Uhr<\/p>","protected":false},"author":16,"featured_media":0,"comment_status":"closed","ping_status":"closed","sticky":false,"template":"","format":"standard","meta":{"inline_featured_image":false,"footnotes":""},"categories":[14],"tags":[103,105,107,104,32,36,35,34,81,29,106],"class_list":["post-2205","post","type-post","status-publish","format-standard","hentry","category-soziales","tag-bml","tag-forstwirtschaft","tag-klimaschutz","tag-landwirtschaft","tag-ombudesk","tag-ombudsman","tag-ombudsmann","tag-ombudsstelle","tag-oesterreich","tag-schlichtungsstelle","tag-umweltschutz"],"yoast_head":"<!-- This site is optimized with the Yoast SEO plugin v27.5 - https:\/\/yoast.com\/product\/yoast-seo-wordpress\/ -->\n<title>Ombudsstelle des BMLUK - OmbuDesk<\/title>\n<meta name=\"description\" content=\"Das Bundesministeriums Land- und Forstwirtschaft bietet eine Ombudsstelle f\u00fcr Fragen und Anliegen zu den zust\u00e4ndigen Bereichen.\" \/>\n<meta name=\"robots\" content=\"index, follow, max-snippet:-1, max-image-preview:large, max-video-preview:-1\" \/>\n<link rel=\"canonical\" href=\"https:\/\/ombudesk.com\/sk\/2025\/06\/23\/ombudsstelle-des-bmluk\/\" \/>\n<meta property=\"og:locale\" content=\"sk_SK\" \/>\n<meta property=\"og:type\" content=\"article\" \/>\n<meta property=\"og:title\" content=\"Ombudsstelle des BMLUK - OmbuDesk\" \/>\n<meta property=\"og:description\" content=\"Das Bundesministeriums Land- und Forstwirtschaft bietet eine Ombudsstelle f\u00fcr Fragen und Anliegen zu den zust\u00e4ndigen Bereichen.\" \/>\n<meta property=\"og:url\" content=\"https:\/\/ombudesk.com\/sk\/2025\/06\/23\/ombudsstelle-des-bmluk\/\" \/>\n<meta property=\"og:site_name\" content=\"OmbuDesk\" \/>\n<meta property=\"article:publisher\" content=\"https:\/\/www.facebook.com\/CIITIndividualsoftware?locale=de_DE\" \/>\n<meta property=\"article:published_time\" content=\"2025-06-23T13:53:09+00:00\" \/>\n<meta property=\"article:modified_time\" content=\"2026-04-10T11:51:35+00:00\" \/>\n<meta name=\"author\" content=\"mona\" \/>\n<meta name=\"twitter:card\" content=\"summary_large_image\" \/>\n<meta name=\"twitter:creator\" content=\"@CIIT_at\" \/>\n<meta name=\"twitter:site\" content=\"@CIIT_at\" \/>\n<meta name=\"twitter:label1\" content=\"Autor\" \/>\n\t<meta name=\"twitter:data1\" content=\"mona\" \/>\n\t<meta name=\"twitter:label2\" content=\"Predpokladan\u00fd \u010das \u010d\u00edtania\" \/>\n\t<meta name=\"twitter:data2\" content=\"1 min\u00fata\" \/>\n<script type=\"application\/ld+json\" class=\"yoast-schema-graph\">{\"@context\":\"https:\\\/\\\/schema.org\",\"@graph\":[{\"@type\":[\"Article\",\"Report\"],\"@id\":\"https:\\\/\\\/ombudesk.com\\\/2025\\\/06\\\/23\\\/ombudsstelle-des-bmluk\\\/#article\",\"isPartOf\":{\"@id\":\"https:\\\/\\\/ombudesk.com\\\/2025\\\/06\\\/23\\\/ombudsstelle-des-bmluk\\\/\"},\"author\":{\"name\":\"mona\",\"@id\":\"https:\\\/\\\/ombudesk.com\\\/#\\\/schema\\\/person\\\/255214a5fa3071c6a7a80847fdded370\"},\"headline\":\"Ombudsstelle des BMLUK\",\"datePublished\":\"2025-06-23T13:53:09+00:00\",\"dateModified\":\"2026-04-10T11:51:35+00:00\",\"mainEntityOfPage\":{\"@id\":\"https:\\\/\\\/ombudesk.com\\\/2025\\\/06\\\/23\\\/ombudsstelle-des-bmluk\\\/\"},\"wordCount\":48,\"publisher\":{\"@id\":\"https:\\\/\\\/ombudesk.com\\\/#organization\"},\"image\":{\"@id\":\"https:\\\/\\\/ombudesk.com\\\/2025\\\/06\\\/23\\\/ombudsstelle-des-bmluk\\\/#primaryimage\"},\"thumbnailUrl\":\"https:\\\/\\\/ombudesk.com\\\/wp-content\\\/uploads\\\/sites\\\/4\\\/2025\\\/06\\\/BML-1.svg\",\"keywords\":[\"bml\",\"forstwirtschaft\",\"klimaschutz\",\"landwirtschaft\",\"ombudesk\",\"ombudsman\",\"ombudsmann\",\"ombudsstelle\",\"\u00f6sterreich\",\"schlichtungsstelle\",\"umweltschutz\"],\"articleSection\":[\"Soziales\"],\"inLanguage\":\"sk-SK\"},{\"@type\":[\"WebPage\",\"ItemPage\"],\"@id\":\"https:\\\/\\\/ombudesk.com\\\/2025\\\/06\\\/23\\\/ombudsstelle-des-bmluk\\\/\",\"url\":\"https:\\\/\\\/ombudesk.com\\\/2025\\\/06\\\/23\\\/ombudsstelle-des-bmluk\\\/\",\"name\":\"Ombudsstelle des BMLUK - OmbuDesk\",\"isPartOf\":{\"@id\":\"https:\\\/\\\/ombudesk.com\\\/#website\"},\"primaryImageOfPage\":{\"@id\":\"https:\\\/\\\/ombudesk.com\\\/2025\\\/06\\\/23\\\/ombudsstelle-des-bmluk\\\/#primaryimage\"},\"image\":{\"@id\":\"https:\\\/\\\/ombudesk.com\\\/2025\\\/06\\\/23\\\/ombudsstelle-des-bmluk\\\/#primaryimage\"},\"thumbnailUrl\":\"https:\\\/\\\/ombudesk.com\\\/wp-content\\\/uploads\\\/sites\\\/4\\\/2025\\\/06\\\/BML-1.svg\",\"datePublished\":\"2025-06-23T13:53:09+00:00\",\"dateModified\":\"2026-04-10T11:51:35+00:00\",\"description\":\"Das Bundesministeriums Land- und Forstwirtschaft bietet eine Ombudsstelle f\u00fcr Fragen und Anliegen zu den zust\u00e4ndigen Bereichen.\",\"breadcrumb\":{\"@id\":\"https:\\\/\\\/ombudesk.com\\\/2025\\\/06\\\/23\\\/ombudsstelle-des-bmluk\\\/#breadcrumb\"},\"inLanguage\":\"sk-SK\",\"potentialAction\":[{\"@type\":\"ReadAction\",\"target\":[\"https:\\\/\\\/ombudesk.com\\\/2025\\\/06\\\/23\\\/ombudsstelle-des-bmluk\\\/\"]}]},{\"@type\":\"ImageObject\",\"inLanguage\":\"sk-SK\",\"@id\":\"https:\\\/\\\/ombudesk.com\\\/2025\\\/06\\\/23\\\/ombudsstelle-des-bmluk\\\/#primaryimage\",\"url\":\"https:\\\/\\\/ombudesk.com\\\/wp-content\\\/uploads\\\/sites\\\/4\\\/2025\\\/06\\\/BML-1.svg\",\"contentUrl\":\"https:\\\/\\\/ombudesk.com\\\/wp-content\\\/uploads\\\/sites\\\/4\\\/2025\\\/06\\\/BML-1.svg\"},{\"@type\":\"BreadcrumbList\",\"@id\":\"https:\\\/\\\/ombudesk.com\\\/2025\\\/06\\\/23\\\/ombudsstelle-des-bmluk\\\/#breadcrumb\",\"itemListElement\":[{\"@type\":\"ListItem\",\"position\":1,\"name\":\"Home\",\"item\":\"https:\\\/\\\/ombudesk.com\\\/\"},{\"@type\":\"ListItem\",\"position\":2,\"name\":\"Ombudsstelle des BMLUK\"}]},{\"@type\":\"WebSite\",\"@id\":\"https:\\\/\\\/ombudesk.com\\\/#website\",\"url\":\"https:\\\/\\\/ombudesk.com\\\/\",\"name\":\"Fallbearbeitungssoftware\",\"description\":\"Die Software f\u00fcr Schlichtungs- und Ombudsstellen\",\"publisher\":{\"@id\":\"https:\\\/\\\/ombudesk.com\\\/#organization\"},\"potentialAction\":[{\"@type\":\"SearchAction\",\"target\":{\"@type\":\"EntryPoint\",\"urlTemplate\":\"https:\\\/\\\/ombudesk.com\\\/?s={search_term_string}\"},\"query-input\":{\"@type\":\"PropertyValueSpecification\",\"valueRequired\":true,\"valueName\":\"search_term_string\"}}],\"inLanguage\":\"sk-SK\"},{\"@type\":\"Organization\",\"@id\":\"https:\\\/\\\/ombudesk.com\\\/#organization\",\"name\":\"CIIT GmbH\",\"url\":\"https:\\\/\\\/ombudesk.com\\\/\",\"logo\":{\"@type\":\"ImageObject\",\"inLanguage\":\"sk-SK\",\"@id\":\"https:\\\/\\\/ombudesk.com\\\/#\\\/schema\\\/logo\\\/image\\\/\",\"url\":\"https:\\\/\\\/casetool.eu\\\/wp-content\\\/uploads\\\/sites\\\/4\\\/2024\\\/11\\\/cropped-CIIT_Logo_Software-Develoment.png\",\"contentUrl\":\"https:\\\/\\\/casetool.eu\\\/wp-content\\\/uploads\\\/sites\\\/4\\\/2024\\\/11\\\/cropped-CIIT_Logo_Software-Develoment.png\",\"width\":512,\"height\":512,\"caption\":\"CIIT GmbH\"},\"image\":{\"@id\":\"https:\\\/\\\/ombudesk.com\\\/#\\\/schema\\\/logo\\\/image\\\/\"},\"sameAs\":[\"https:\\\/\\\/www.facebook.com\\\/CIITIndividualsoftware?locale=de_DE\",\"https:\\\/\\\/x.com\\\/CIIT_at\",\"https:\\\/\\\/linkedin.com\\\/showcase\\\/ciit-software\\\/\"]},{\"@type\":\"Person\",\"@id\":\"https:\\\/\\\/ombudesk.com\\\/#\\\/schema\\\/person\\\/255214a5fa3071c6a7a80847fdded370\",\"name\":\"mona\",\"image\":{\"@type\":\"ImageObject\",\"inLanguage\":\"sk-SK\",\"@id\":\"https:\\\/\\\/secure.gravatar.com\\\/avatar\\\/14091415875827a741f7f4a92358f91323acef35d2f15949222a70c26cec61e6?s=96&d=mm&r=g\",\"url\":\"https:\\\/\\\/secure.gravatar.com\\\/avatar\\\/14091415875827a741f7f4a92358f91323acef35d2f15949222a70c26cec61e6?s=96&d=mm&r=g\",\"contentUrl\":\"https:\\\/\\\/secure.gravatar.com\\\/avatar\\\/14091415875827a741f7f4a92358f91323acef35d2f15949222a70c26cec61e6?s=96&d=mm&r=g\",\"caption\":\"mona\"},\"url\":\"https:\\\/\\\/ombudesk.com\\\/sk\\\/author\\\/mona\\\/\"}]}<\/script>\n<!-- \/ Yoast SEO plugin. -->","yoast_head_json":{"title":"Ombudsstelle des BMLUK - OmbuDesk","description":"Das Bundesministeriums Land- und Forstwirtschaft bietet eine Ombudsstelle f\u00fcr Fragen und Anliegen zu den zust\u00e4ndigen Bereichen.","robots":{"index":"index","follow":"follow","max-snippet":"max-snippet:-1","max-image-preview":"max-image-preview:large","max-video-preview":"max-video-preview:-1"},"canonical":"https:\/\/ombudesk.com\/sk\/2025\/06\/23\/ombudsstelle-des-bmluk\/","og_locale":"sk_SK","og_type":"article","og_title":"Ombudsstelle des BMLUK - OmbuDesk","og_description":"Das Bundesministeriums Land- und Forstwirtschaft bietet eine Ombudsstelle f\u00fcr Fragen und Anliegen zu den zust\u00e4ndigen Bereichen.","og_url":"https:\/\/ombudesk.com\/sk\/2025\/06\/23\/ombudsstelle-des-bmluk\/","og_site_name":"OmbuDesk","article_publisher":"https:\/\/www.facebook.com\/CIITIndividualsoftware?locale=de_DE","article_published_time":"2025-06-23T13:53:09+00:00","article_modified_time":"2026-04-10T11:51:35+00:00","author":"mona","twitter_card":"summary_large_image","twitter_creator":"@CIIT_at","twitter_site":"@CIIT_at","twitter_misc":{"Autor":"mona","Predpokladan\u00fd \u010das \u010d\u00edtania":"1 min\u00fata"},"schema":{"@context":"https:\/\/schema.org","@graph":[{"@type":["Article","Report"],"@id":"https:\/\/ombudesk.com\/2025\/06\/23\/ombudsstelle-des-bmluk\/#article","isPartOf":{"@id":"https:\/\/ombudesk.com\/2025\/06\/23\/ombudsstelle-des-bmluk\/"},"author":{"name":"mona","@id":"https:\/\/ombudesk.com\/#\/schema\/person\/255214a5fa3071c6a7a80847fdded370"},"headline":"Ombudsstelle des BMLUK","datePublished":"2025-06-23T13:53:09+00:00","dateModified":"2026-04-10T11:51:35+00:00","mainEntityOfPage":{"@id":"https:\/\/ombudesk.com\/2025\/06\/23\/ombudsstelle-des-bmluk\/"},"wordCount":48,"publisher":{"@id":"https:\/\/ombudesk.com\/#organization"},"image":{"@id":"https:\/\/ombudesk.com\/2025\/06\/23\/ombudsstelle-des-bmluk\/#primaryimage"},"thumbnailUrl":"https:\/\/ombudesk.com\/wp-content\/uploads\/sites\/4\/2025\/06\/BML-1.svg","keywords":["bml","forstwirtschaft","klimaschutz","landwirtschaft","ombudesk","ombudsman","ombudsmann","ombudsstelle","\u00f6sterreich","schlichtungsstelle","umweltschutz"],"articleSection":["Soziales"],"inLanguage":"sk-SK"},{"@type":["WebPage","ItemPage"],"@id":"https:\/\/ombudesk.com\/2025\/06\/23\/ombudsstelle-des-bmluk\/","url":"https:\/\/ombudesk.com\/2025\/06\/23\/ombudsstelle-des-bmluk\/","name":"Ombudsstelle des BMLUK - OmbuDesk","isPartOf":{"@id":"https:\/\/ombudesk.com\/#website"},"primaryImageOfPage":{"@id":"https:\/\/ombudesk.com\/2025\/06\/23\/ombudsstelle-des-bmluk\/#primaryimage"},"image":{"@id":"https:\/\/ombudesk.com\/2025\/06\/23\/ombudsstelle-des-bmluk\/#primaryimage"},"thumbnailUrl":"https:\/\/ombudesk.com\/wp-content\/uploads\/sites\/4\/2025\/06\/BML-1.svg","datePublished":"2025-06-23T13:53:09+00:00","dateModified":"2026-04-10T11:51:35+00:00","description":"Das Bundesministeriums Land- und Forstwirtschaft bietet eine Ombudsstelle f\u00fcr Fragen und Anliegen zu den zust\u00e4ndigen Bereichen.","breadcrumb":{"@id":"https:\/\/ombudesk.com\/2025\/06\/23\/ombudsstelle-des-bmluk\/#breadcrumb"},"inLanguage":"sk-SK","potentialAction":[{"@type":"ReadAction","target":["https:\/\/ombudesk.com\/2025\/06\/23\/ombudsstelle-des-bmluk\/"]}]},{"@type":"ImageObject","inLanguage":"sk-SK","@id":"https:\/\/ombudesk.com\/2025\/06\/23\/ombudsstelle-des-bmluk\/#primaryimage","url":"https:\/\/ombudesk.com\/wp-content\/uploads\/sites\/4\/2025\/06\/BML-1.svg","contentUrl":"https:\/\/ombudesk.com\/wp-content\/uploads\/sites\/4\/2025\/06\/BML-1.svg"},{"@type":"BreadcrumbList","@id":"https:\/\/ombudesk.com\/2025\/06\/23\/ombudsstelle-des-bmluk\/#breadcrumb","itemListElement":[{"@type":"ListItem","position":1,"name":"Home","item":"https:\/\/ombudesk.com\/"},{"@type":"ListItem","position":2,"name":"Ombudsstelle des BMLUK"}]},{"@type":"WebSite","@id":"https:\/\/ombudesk.com\/#website","url":"https:\/\/ombudesk.com\/","name":"Fallbearbeitungssoftware","description":"Die Software f\u00fcr Schlichtungs- und Ombudsstellen","publisher":{"@id":"https:\/\/ombudesk.com\/#organization"},"potentialAction":[{"@type":"SearchAction","target":{"@type":"EntryPoint","urlTemplate":"https:\/\/ombudesk.com\/?s={search_term_string}"},"query-input":{"@type":"PropertyValueSpecification","valueRequired":true,"valueName":"search_term_string"}}],"inLanguage":"sk-SK"},{"@type":"Organization","@id":"https:\/\/ombudesk.com\/#organization","name":"CIIT GmbH","url":"https:\/\/ombudesk.com\/","logo":{"@type":"ImageObject","inLanguage":"sk-SK","@id":"https:\/\/ombudesk.com\/#\/schema\/logo\/image\/","url":"https:\/\/casetool.eu\/wp-content\/uploads\/sites\/4\/2024\/11\/cropped-CIIT_Logo_Software-Develoment.png","contentUrl":"https:\/\/casetool.eu\/wp-content\/uploads\/sites\/4\/2024\/11\/cropped-CIIT_Logo_Software-Develoment.png","width":512,"height":512,"caption":"CIIT GmbH"},"image":{"@id":"https:\/\/ombudesk.com\/#\/schema\/logo\/image\/"},"sameAs":["https:\/\/www.facebook.com\/CIITIndividualsoftware?locale=de_DE","https:\/\/x.com\/CIIT_at","https:\/\/linkedin.com\/showcase\/ciit-software\/"]},{"@type":"Person","@id":"https:\/\/ombudesk.com\/#\/schema\/person\/255214a5fa3071c6a7a80847fdded370","name":"mona","image":{"@type":"ImageObject","inLanguage":"sk-SK","@id":"https:\/\/secure.gravatar.com\/avatar\/14091415875827a741f7f4a92358f91323acef35d2f15949222a70c26cec61e6?s=96&d=mm&r=g","url":"https:\/\/secure.gravatar.com\/avatar\/14091415875827a741f7f4a92358f91323acef35d2f15949222a70c26cec61e6?s=96&d=mm&r=g","contentUrl":"https:\/\/secure.gravatar.com\/avatar\/14091415875827a741f7f4a92358f91323acef35d2f15949222a70c26cec61e6?s=96&d=mm&r=g","caption":"mona"},"url":"https:\/\/ombudesk.com\/sk\/author\/mona\/"}]}},"_links":{"self":[{"href":"https:\/\/ombudesk.com\/sk\/wp-json\/wp\/v2\/posts\/2205","targetHints":{"allow":["GET"]}}],"collection":[{"href":"https:\/\/ombudesk.com\/sk\/wp-json\/wp\/v2\/posts"}],"about":[{"href":"https:\/\/ombudesk.com\/sk\/wp-json\/wp\/v2\/types\/post"}],"author":[{"embeddable":true,"href":"https:\/\/ombudesk.com\/sk\/wp-json\/wp\/v2\/users\/16"}],"replies":[{"embeddable":true,"href":"https:\/\/ombudesk.com\/sk\/wp-json\/wp\/v2\/comments?post=2205"}],"version-history":[{"count":4,"href":"https:\/\/ombudesk.com\/sk\/wp-json\/wp\/v2\/posts\/2205\/revisions"}],"predecessor-version":[{"id":6870,"href":"https:\/\/ombudesk.com\/sk\/wp-json\/wp\/v2\/posts\/2205\/revisions\/6870"}],"wp:attachment":[{"href":"https:\/\/ombudesk.com\/sk\/wp-json\/wp\/v2\/media?parent=2205"}],"wp:term":[{"taxonomy":"category","embeddable":true,"href":"https:\/\/ombudesk.com\/sk\/wp-json\/wp\/v2\/categories?post=2205"},{"taxonomy":"post_tag","embeddable":true,"href":"https:\/\/ombudesk.com\/sk\/wp-json\/wp\/v2\/tags?post=2205"}],"curies":[{"name":"wp","href":"https:\/\/api.w.org\/{rel}","templated":true}]}}