{"id":2580,"date":"2025-06-25T14:46:56","date_gmt":"2025-06-25T14:46:56","guid":{"rendered":"https:\/\/ombudesk.com\/?p=2580"},"modified":"2026-07-13T14:39:59","modified_gmt":"2026-07-13T14:39:59","slug":"vvo-informations-beschwerdestelle","status":"publish","type":"post","link":"https:\/\/ombudesk.com\/sk\/2025\/06\/25\/vvo-informations-beschwerdestelle\/","title":{"rendered":"VVO: Informations- und Beschwerdestelle"},"content":{"rendered":"<div data-elementor-type=\"wp-post\" data-elementor-id=\"2580\" class=\"elementor elementor-2580\" data-elementor-post-type=\"post\">\n\t\t\t\t<div class=\"elementor-element elementor-element-d16fc09 e-flex e-con-boxed e-con e-parent\" data-id=\"d16fc09\" data-element_type=\"container\" data-e-type=\"container\">\n\t\t\t\t\t<div class=\"e-con-inner\">\n\t\t\t\t<div class=\"elementor-element elementor-element-96f4b00 elementor-widget elementor-widget-image\" data-id=\"96f4b00\" data-element_type=\"widget\" data-e-type=\"widget\" data-widget_type=\"image.default\">\n\t\t\t\t<div class=\"elementor-widget-container\">\n\t\t\t\t\t\t\t\t\t\t\t\t\t\t\t<img fetchpriority=\"high\" decoding=\"async\" width=\"300\" height=\"169\" src=\"https:\/\/ombudesk.com\/wp-content\/uploads\/sites\/4\/2025\/06\/vvo.svg\" class=\"attachment-medium size-medium wp-image-2582\" alt=\"vvo logo\" \/>\t\t\t\t\t\t\t\t\t\t\t\t\t\t\t<\/div>\n\t\t\t\t<\/div>\n\t\t\t\t<div class=\"elementor-element elementor-element-8c8fa58 elementor-widget elementor-widget-text-editor\" data-id=\"8c8fa58\" data-element_type=\"widget\" data-e-type=\"widget\" data-widget_type=\"text-editor.default\">\n\t\t\t\t<div class=\"elementor-widget-container\">\n\t\t\t\t\t\t\t\t\t<p>Der <a href=\"https:\/\/www.vvo.at\/\">Verband der Versicherungsunternehmen \u00d6sterreichs<\/a> (VVO) vertritt die Interessen der privaten Versicherungsunternehmen aus \u00d6sterreich.\u00a0<\/p><p>Neben seiner Funktion als Informationsquelle rund um das Thema Finanzen stellt der VVO auch eine Anlaufstelle f\u00fcr Ausk\u00fcnfte und Beschwerden zur Verf\u00fcgung. Als Vermittlungspartner vermittelt er zwischen Versicherungsunternehmen und Versicherten \u2013 etwa bei Fragen zu Versicherungsvertr\u00e4gen oder allgemeinen Problemen im Zusammenhang mit einer Versicherung.<\/p><p><span style=\"text-decoration: underline;\"><strong>Kontaktperson<\/strong><\/span>:<\/p><p><a href=\"https:\/\/vvonet.vvo.at\/vvonet_Informations_Beschwerdestelle\">Hier k\u00f6nnen Sie einen Schlichtungsantrag einreichen.\u00a0<\/a><\/p><p><strong>Telefon<\/strong>: <a href=\"tel:+43171156250\">+43\/1\/711 56-250<\/a><\/p><p><strong>Adresse<\/strong>: Schwarzenbergplatz 7, 1030 Wien<\/p>\t\t\t\t\t\t\t\t<\/div>\n\t\t\t\t<\/div>\n\t\t\t\t\t<\/div>\n\t\t\t\t<\/div>\n\t\t<div class=\"elementor-element elementor-element-9c92646 e-flex e-con-boxed e-con e-parent\" data-id=\"9c92646\" data-element_type=\"container\" data-e-type=\"container\">\n\t\t\t\t\t<div class=\"e-con-inner\">\n\t\t\t\t<div class=\"elementor-element elementor-element-b851a27 elementor-widget elementor-widget-spacer\" data-id=\"b851a27\" data-element_type=\"widget\" data-e-type=\"widget\" data-widget_type=\"spacer.default\">\n\t\t\t\t<div class=\"elementor-widget-container\">\n\t\t\t\t\t\t\t<div class=\"elementor-spacer\">\n\t\t\t<div class=\"elementor-spacer-inner\"><\/div>\n\t\t<\/div>\n\t\t\t\t\t\t<\/div>\n\t\t\t\t<\/div>\n\t\t\t\t<div class=\"elementor-element elementor-element-eafc1e5 elementor-widget elementor-widget-heading\" data-id=\"eafc1e5\" data-element_type=\"widget\" data-e-type=\"widget\" data-widget_type=\"heading.default\">\n\t\t\t\t<div class=\"elementor-widget-container\">\n\t\t\t\t\t<h3 class=\"elementor-heading-title elementor-size-default\">\u010eal\u0161ie zmierovacie org\u00e1ny<\/h3>\t\t\t\t<\/div>\n\t\t\t\t<\/div>\n\t\t\t\t<div class=\"elementor-element elementor-element-d31c38b elementor-grid-2 elementor-grid-tablet-2 elementor-grid-mobile-1 elementor-posts--thumbnail-top elementor-widget elementor-widget-posts\" data-id=\"d31c38b\" data-element_type=\"widget\" data-e-type=\"widget\" data-settings=\"{&quot;classic_columns&quot;:&quot;2&quot;,&quot;classic_row_gap&quot;:{&quot;unit&quot;:&quot;px&quot;,&quot;size&quot;:80,&quot;sizes&quot;:[]},&quot;classic_columns_tablet&quot;:&quot;2&quot;,&quot;classic_columns_mobile&quot;:&quot;1&quot;,&quot;classic_row_gap_widescreen&quot;:{&quot;unit&quot;:&quot;px&quot;,&quot;size&quot;:&quot;&quot;,&quot;sizes&quot;:[]},&quot;classic_row_gap_laptop&quot;:{&quot;unit&quot;:&quot;px&quot;,&quot;size&quot;:&quot;&quot;,&quot;sizes&quot;:[]},&quot;classic_row_gap_tablet_extra&quot;:{&quot;unit&quot;:&quot;px&quot;,&quot;size&quot;:&quot;&quot;,&quot;sizes&quot;:[]},&quot;classic_row_gap_tablet&quot;:{&quot;unit&quot;:&quot;px&quot;,&quot;size&quot;:&quot;&quot;,&quot;sizes&quot;:[]},&quot;classic_row_gap_mobile_extra&quot;:{&quot;unit&quot;:&quot;px&quot;,&quot;size&quot;:&quot;&quot;,&quot;sizes&quot;:[]},&quot;classic_row_gap_mobile&quot;:{&quot;unit&quot;:&quot;px&quot;,&quot;size&quot;:&quot;&quot;,&quot;sizes&quot;:[]}}\" data-widget_type=\"posts.classic\">\n\t\t\t\t<div class=\"elementor-widget-container\">\n\t\t\t\t\t\t\t<div class=\"elementor-posts-container elementor-posts elementor-posts--skin-classic elementor-grid\" role=\"list\">\n\t\t\t\t<article class=\"elementor-post elementor-grid-item post-2236 post type-post status-publish format-standard hentry category-oesterreich category-versicherungen tag-donauversicherung tag-ombudesk tag-ombudsman tag-ombudsmann tag-ombudsstelle tag-oesterreich tag-schlichtungsstelle tag-versicherung\" role=\"listitem\">\n\t\t\t\t<div class=\"elementor-post__text\">\n\t\t\t\t<h4 class=\"elementor-post__title\">\n\t\t\t<a href=\"https:\/\/ombudesk.com\/sk\/2025\/06\/27\/ombudsstelle-der-donauversicherung\/\" >\n\t\t\t\tOmbudsstelle der Donauversicherung\t\t\t<\/a>\n\t\t<\/h4>\n\t\t\t\t<div class=\"elementor-post__excerpt\">\n\t\t\t<p>Die Donauversicherung bietet Krankenversicherungen, Lebensversicherungen (inklusive Zusatzversicherungen) sowie Schadensversicherungen.\u00a0 Bei der Ombudsstelle k\u00f6nnen Kritik, Anregungen und Lob zu den Leistungen<\/p>\n\t\t<\/div>\n\t\t\n\t\t<a class=\"elementor-post__read-more\" href=\"https:\/\/ombudesk.com\/sk\/2025\/06\/27\/ombudsstelle-der-donauversicherung\/\" aria-label=\"Read more about Ombudsstelle der Donauversicherung\" tabindex=\"-1\" >\n\t\t\tWeiterlesen\t\t<\/a>\n\n\t\t\t\t<\/div>\n\t\t\t\t<\/article>\n\t\t\t\t<article class=\"elementor-post elementor-grid-item post-2011 post type-post status-publish format-standard hentry category-bauen-wohnen category-oesterreich category-staatlich-anerkannt tag-bau tag-fertighaus tag-ombudesk tag-ombudsman tag-ombudsmann tag-ombudsstelle tag-oesterreich tag-schlichtungsstelle\" role=\"listitem\">\n\t\t\t\t<div class=\"elementor-post__text\">\n\t\t\t\t<h4 class=\"elementor-post__title\">\n\t\t\t<a href=\"https:\/\/ombudesk.com\/sk\/2025\/06\/20\/ombudsstelle-fertighaus\/\" >\n\t\t\t\tOmbudsstelle Fertighaus\t\t\t<\/a>\n\t\t<\/h4>\n\t\t\t\t<div class=\"elementor-post__excerpt\">\n\t\t\t<p>Die Ombudsstelle Fertighaus vermittelt zwischen Bauherr:in und Bauunternehmen. Als unabh\u00e4ngige Anlaufstelle unterst\u00fctzt sie bei Erstberatung, Vermittlung und Schlichtung von Konflikten<\/p>\n\t\t<\/div>\n\t\t\n\t\t<a class=\"elementor-post__read-more\" href=\"https:\/\/ombudesk.com\/sk\/2025\/06\/20\/ombudsstelle-fertighaus\/\" aria-label=\"Read more about Ombudsstelle Fertighaus\" tabindex=\"-1\" >\n\t\t\tWeiterlesen\t\t<\/a>\n\n\t\t\t\t<\/div>\n\t\t\t\t<\/article>\n\t\t\t\t<\/div>\n\t\t\n\t\t\t\t\t\t<\/div>\n\t\t\t\t<\/div>\n\t\t\t\t\t<\/div>\n\t\t\t\t<\/div>\n\t\t\t\t<\/div>","protected":false},"excerpt":{"rendered":"<p>Der Verband der Versicherungsunternehmen \u00d6sterreichs (VVO) vertritt die Interessen der privaten Versicherungsunternehmen aus \u00d6sterreich.\u00a0 Neben seiner Funktion als Informationsquelle rund um das Thema Finanzen stellt der VVO auch eine Anlaufstelle f\u00fcr Ausk\u00fcnfte und Beschwerden zur Verf\u00fcgung. Als Vermittlungspartner vermittelt er zwischen Versicherungsunternehmen und Versicherten \u2013 etwa bei Fragen zu Versicherungsvertr\u00e4gen oder allgemeinen Problemen im Zusammenhang [&hellip;]<\/p>\n","protected":false},"author":16,"featured_media":0,"comment_status":"closed","ping_status":"closed","sticky":false,"template":"","format":"standard","meta":{"inline_featured_image":false,"footnotes":""},"categories":[27,17],"tags":[32,36,35,34,81,29,37],"class_list":["post-2580","post","type-post","status-publish","format-standard","hentry","category-oesterreich","category-versicherungen","tag-ombudesk","tag-ombudsman","tag-ombudsmann","tag-ombudsstelle","tag-oesterreich","tag-schlichtungsstelle","tag-versicherung"],"yoast_head":"<!-- This site is optimized with the Yoast SEO plugin v28.4 - https:\/\/yoast.com\/product\/yoast-seo-wordpress\/ -->\n<title>VVO: Informations- und Beschwerdestelle - OmbuDesk<\/title>\n<meta name=\"description\" content=\"Der VVO stellt eine Informations- und Beschwerdestelle zum Thema Private Versicherungsunternehmen in \u00d6sterreich zur Verf\u00fcgung.\" \/>\n<meta name=\"robots\" content=\"index, follow, max-snippet:-1, max-image-preview:large, max-video-preview:-1\" \/>\n<link rel=\"canonical\" href=\"https:\/\/ombudesk.com\/sk\/2025\/06\/25\/vvo-informations-beschwerdestelle\/\" \/>\n<meta property=\"og:locale\" content=\"sk_SK\" \/>\n<meta property=\"og:type\" content=\"article\" \/>\n<meta property=\"og:title\" content=\"VVO: Informations- und Beschwerdestelle - OmbuDesk\" \/>\n<meta property=\"og:description\" content=\"Der VVO stellt eine Informations- und Beschwerdestelle zum Thema Private Versicherungsunternehmen in \u00d6sterreich zur Verf\u00fcgung.\" \/>\n<meta property=\"og:url\" content=\"https:\/\/ombudesk.com\/sk\/2025\/06\/25\/vvo-informations-beschwerdestelle\/\" \/>\n<meta property=\"og:site_name\" content=\"OmbuDesk\" \/>\n<meta property=\"article:publisher\" content=\"https:\/\/www.facebook.com\/CIITIndividualsoftware?locale=de_DE\" \/>\n<meta property=\"article:published_time\" content=\"2025-06-25T14:46:56+00:00\" \/>\n<meta property=\"article:modified_time\" content=\"2026-07-13T14:39:59+00:00\" \/>\n<meta name=\"author\" content=\"mona\" \/>\n<meta name=\"twitter:card\" content=\"summary_large_image\" \/>\n<meta name=\"twitter:creator\" content=\"@CIIT_at\" \/>\n<meta name=\"twitter:site\" content=\"@CIIT_at\" \/>\n<meta name=\"twitter:label1\" content=\"Autor\" \/>\n\t<meta name=\"twitter:data1\" content=\"mona\" \/>\n\t<meta name=\"twitter:label2\" content=\"Predpokladan\u00fd \u010das \u010d\u00edtania\" \/>\n\t<meta name=\"twitter:data2\" content=\"2 min\u00faty\" \/>\n<script type=\"application\/ld+json\" class=\"yoast-schema-graph\">{\"@context\":\"https:\\\/\\\/schema.org\",\"@graph\":[{\"@type\":\"Article\",\"@id\":\"https:\\\/\\\/ombudesk.com\\\/2025\\\/06\\\/25\\\/vvo-informations-beschwerdestelle\\\/#article\",\"isPartOf\":{\"@id\":\"https:\\\/\\\/ombudesk.com\\\/2025\\\/06\\\/25\\\/vvo-informations-beschwerdestelle\\\/\"},\"author\":{\"name\":\"mona\",\"@id\":\"https:\\\/\\\/ombudesk.com\\\/#\\\/schema\\\/person\\\/255214a5fa3071c6a7a80847fdded370\"},\"headline\":\"VVO: Informations- und Beschwerdestelle\",\"datePublished\":\"2025-06-25T14:46:56+00:00\",\"dateModified\":\"2026-07-13T14:39:59+00:00\",\"mainEntityOfPage\":{\"@id\":\"https:\\\/\\\/ombudesk.com\\\/2025\\\/06\\\/25\\\/vvo-informations-beschwerdestelle\\\/\"},\"wordCount\":80,\"publisher\":{\"@id\":\"https:\\\/\\\/ombudesk.com\\\/#organization\"},\"image\":{\"@id\":\"https:\\\/\\\/ombudesk.com\\\/2025\\\/06\\\/25\\\/vvo-informations-beschwerdestelle\\\/#primaryimage\"},\"thumbnailUrl\":\"https:\\\/\\\/ombudesk.com\\\/wp-content\\\/uploads\\\/sites\\\/4\\\/2025\\\/06\\\/vvo.svg\",\"keywords\":[\"ombudesk\",\"ombudsman\",\"ombudsmann\",\"ombudsstelle\",\"\u00f6sterreich\",\"schlichtungsstelle\",\"versicherung\"],\"articleSection\":[\"\u00d6sterreich\",\"Versicherungen\"],\"inLanguage\":\"sk-SK\"},{\"@type\":\"WebPage\",\"@id\":\"https:\\\/\\\/ombudesk.com\\\/2025\\\/06\\\/25\\\/vvo-informations-beschwerdestelle\\\/\",\"url\":\"https:\\\/\\\/ombudesk.com\\\/2025\\\/06\\\/25\\\/vvo-informations-beschwerdestelle\\\/\",\"name\":\"VVO: Informations- und Beschwerdestelle - OmbuDesk\",\"isPartOf\":{\"@id\":\"https:\\\/\\\/ombudesk.com\\\/#website\"},\"primaryImageOfPage\":{\"@id\":\"https:\\\/\\\/ombudesk.com\\\/2025\\\/06\\\/25\\\/vvo-informations-beschwerdestelle\\\/#primaryimage\"},\"image\":{\"@id\":\"https:\\\/\\\/ombudesk.com\\\/2025\\\/06\\\/25\\\/vvo-informations-beschwerdestelle\\\/#primaryimage\"},\"thumbnailUrl\":\"https:\\\/\\\/ombudesk.com\\\/wp-content\\\/uploads\\\/sites\\\/4\\\/2025\\\/06\\\/vvo.svg\",\"datePublished\":\"2025-06-25T14:46:56+00:00\",\"dateModified\":\"2026-07-13T14:39:59+00:00\",\"description\":\"Der VVO stellt eine Informations- und Beschwerdestelle zum Thema Private Versicherungsunternehmen in \u00d6sterreich zur Verf\u00fcgung.\",\"breadcrumb\":{\"@id\":\"https:\\\/\\\/ombudesk.com\\\/2025\\\/06\\\/25\\\/vvo-informations-beschwerdestelle\\\/#breadcrumb\"},\"inLanguage\":\"sk-SK\",\"potentialAction\":[{\"@type\":\"ReadAction\",\"target\":[\"https:\\\/\\\/ombudesk.com\\\/2025\\\/06\\\/25\\\/vvo-informations-beschwerdestelle\\\/\"]}]},{\"@type\":\"ImageObject\",\"inLanguage\":\"sk-SK\",\"@id\":\"https:\\\/\\\/ombudesk.com\\\/2025\\\/06\\\/25\\\/vvo-informations-beschwerdestelle\\\/#primaryimage\",\"url\":\"https:\\\/\\\/ombudesk.com\\\/wp-content\\\/uploads\\\/sites\\\/4\\\/2025\\\/06\\\/vvo.svg\",\"contentUrl\":\"https:\\\/\\\/ombudesk.com\\\/wp-content\\\/uploads\\\/sites\\\/4\\\/2025\\\/06\\\/vvo.svg\"},{\"@type\":\"BreadcrumbList\",\"@id\":\"https:\\\/\\\/ombudesk.com\\\/2025\\\/06\\\/25\\\/vvo-informations-beschwerdestelle\\\/#breadcrumb\",\"itemListElement\":[{\"@type\":\"ListItem\",\"position\":1,\"name\":\"Home\",\"item\":\"https:\\\/\\\/ombudesk.com\\\/\"},{\"@type\":\"ListItem\",\"position\":2,\"name\":\"VVO: Informations- und Beschwerdestelle\"}]},{\"@type\":\"WebSite\",\"@id\":\"https:\\\/\\\/ombudesk.com\\\/#website\",\"url\":\"https:\\\/\\\/ombudesk.com\\\/\",\"name\":\"Fallbearbeitungssoftware\",\"description\":\"Die Software f\u00fcr Schlichtungs- und Ombudsstellen\",\"publisher\":{\"@id\":\"https:\\\/\\\/ombudesk.com\\\/#organization\"},\"potentialAction\":[{\"@type\":\"SearchAction\",\"target\":{\"@type\":\"EntryPoint\",\"urlTemplate\":\"https:\\\/\\\/ombudesk.com\\\/?s={search_term_string}\"},\"query-input\":{\"@type\":\"PropertyValueSpecification\",\"valueRequired\":true,\"valueName\":\"search_term_string\"}}],\"inLanguage\":\"sk-SK\"},{\"@type\":\"Organization\",\"@id\":\"https:\\\/\\\/ombudesk.com\\\/#organization\",\"name\":\"CIIT GmbH\",\"url\":\"https:\\\/\\\/ombudesk.com\\\/\",\"logo\":{\"@type\":\"ImageObject\",\"inLanguage\":\"sk-SK\",\"@id\":\"https:\\\/\\\/ombudesk.com\\\/#\\\/schema\\\/logo\\\/image\\\/\",\"url\":\"https:\\\/\\\/casetool.eu\\\/wp-content\\\/uploads\\\/sites\\\/4\\\/2024\\\/11\\\/cropped-CIIT_Logo_Software-Develoment.png\",\"contentUrl\":\"https:\\\/\\\/casetool.eu\\\/wp-content\\\/uploads\\\/sites\\\/4\\\/2024\\\/11\\\/cropped-CIIT_Logo_Software-Develoment.png\",\"width\":512,\"height\":512,\"caption\":\"CIIT GmbH\"},\"image\":{\"@id\":\"https:\\\/\\\/ombudesk.com\\\/#\\\/schema\\\/logo\\\/image\\\/\"},\"sameAs\":[\"https:\\\/\\\/www.facebook.com\\\/CIITIndividualsoftware?locale=de_DE\",\"https:\\\/\\\/x.com\\\/CIIT_at\",\"https:\\\/\\\/linkedin.com\\\/showcase\\\/ciit-software\\\/\"]},{\"@type\":\"Person\",\"@id\":\"https:\\\/\\\/ombudesk.com\\\/#\\\/schema\\\/person\\\/255214a5fa3071c6a7a80847fdded370\",\"name\":\"mona\",\"image\":{\"@type\":\"ImageObject\",\"inLanguage\":\"sk-SK\",\"@id\":\"https:\\\/\\\/secure.gravatar.com\\\/avatar\\\/14091415875827a741f7f4a92358f91323acef35d2f15949222a70c26cec61e6?s=96&d=mm&r=g\",\"url\":\"https:\\\/\\\/secure.gravatar.com\\\/avatar\\\/14091415875827a741f7f4a92358f91323acef35d2f15949222a70c26cec61e6?s=96&d=mm&r=g\",\"contentUrl\":\"https:\\\/\\\/secure.gravatar.com\\\/avatar\\\/14091415875827a741f7f4a92358f91323acef35d2f15949222a70c26cec61e6?s=96&d=mm&r=g\",\"caption\":\"mona\"},\"url\":\"https:\\\/\\\/ombudesk.com\\\/sk\\\/author\\\/mona\\\/\"}]}<\/script>\n<!-- \/ Yoast SEO plugin. -->","yoast_head_json":{"title":"VVO: Informations- und Beschwerdestelle - OmbuDesk","description":"Der VVO stellt eine Informations- und Beschwerdestelle zum Thema Private Versicherungsunternehmen in \u00d6sterreich zur Verf\u00fcgung.","robots":{"index":"index","follow":"follow","max-snippet":"max-snippet:-1","max-image-preview":"max-image-preview:large","max-video-preview":"max-video-preview:-1"},"canonical":"https:\/\/ombudesk.com\/sk\/2025\/06\/25\/vvo-informations-beschwerdestelle\/","og_locale":"sk_SK","og_type":"article","og_title":"VVO: Informations- und Beschwerdestelle - OmbuDesk","og_description":"Der VVO stellt eine Informations- und Beschwerdestelle zum Thema Private Versicherungsunternehmen in \u00d6sterreich zur Verf\u00fcgung.","og_url":"https:\/\/ombudesk.com\/sk\/2025\/06\/25\/vvo-informations-beschwerdestelle\/","og_site_name":"OmbuDesk","article_publisher":"https:\/\/www.facebook.com\/CIITIndividualsoftware?locale=de_DE","article_published_time":"2025-06-25T14:46:56+00:00","article_modified_time":"2026-07-13T14:39:59+00:00","author":"mona","twitter_card":"summary_large_image","twitter_creator":"@CIIT_at","twitter_site":"@CIIT_at","twitter_misc":{"Autor":"mona","Predpokladan\u00fd \u010das \u010d\u00edtania":"2 min\u00faty"},"schema":{"@context":"https:\/\/schema.org","@graph":[{"@type":"Article","@id":"https:\/\/ombudesk.com\/2025\/06\/25\/vvo-informations-beschwerdestelle\/#article","isPartOf":{"@id":"https:\/\/ombudesk.com\/2025\/06\/25\/vvo-informations-beschwerdestelle\/"},"author":{"name":"mona","@id":"https:\/\/ombudesk.com\/#\/schema\/person\/255214a5fa3071c6a7a80847fdded370"},"headline":"VVO: Informations- und Beschwerdestelle","datePublished":"2025-06-25T14:46:56+00:00","dateModified":"2026-07-13T14:39:59+00:00","mainEntityOfPage":{"@id":"https:\/\/ombudesk.com\/2025\/06\/25\/vvo-informations-beschwerdestelle\/"},"wordCount":80,"publisher":{"@id":"https:\/\/ombudesk.com\/#organization"},"image":{"@id":"https:\/\/ombudesk.com\/2025\/06\/25\/vvo-informations-beschwerdestelle\/#primaryimage"},"thumbnailUrl":"https:\/\/ombudesk.com\/wp-content\/uploads\/sites\/4\/2025\/06\/vvo.svg","keywords":["ombudesk","ombudsman","ombudsmann","ombudsstelle","\u00f6sterreich","schlichtungsstelle","versicherung"],"articleSection":["\u00d6sterreich","Versicherungen"],"inLanguage":"sk-SK"},{"@type":"WebPage","@id":"https:\/\/ombudesk.com\/2025\/06\/25\/vvo-informations-beschwerdestelle\/","url":"https:\/\/ombudesk.com\/2025\/06\/25\/vvo-informations-beschwerdestelle\/","name":"VVO: Informations- und Beschwerdestelle - OmbuDesk","isPartOf":{"@id":"https:\/\/ombudesk.com\/#website"},"primaryImageOfPage":{"@id":"https:\/\/ombudesk.com\/2025\/06\/25\/vvo-informations-beschwerdestelle\/#primaryimage"},"image":{"@id":"https:\/\/ombudesk.com\/2025\/06\/25\/vvo-informations-beschwerdestelle\/#primaryimage"},"thumbnailUrl":"https:\/\/ombudesk.com\/wp-content\/uploads\/sites\/4\/2025\/06\/vvo.svg","datePublished":"2025-06-25T14:46:56+00:00","dateModified":"2026-07-13T14:39:59+00:00","description":"Der VVO stellt eine Informations- und Beschwerdestelle zum Thema Private Versicherungsunternehmen in \u00d6sterreich zur Verf\u00fcgung.","breadcrumb":{"@id":"https:\/\/ombudesk.com\/2025\/06\/25\/vvo-informations-beschwerdestelle\/#breadcrumb"},"inLanguage":"sk-SK","potentialAction":[{"@type":"ReadAction","target":["https:\/\/ombudesk.com\/2025\/06\/25\/vvo-informations-beschwerdestelle\/"]}]},{"@type":"ImageObject","inLanguage":"sk-SK","@id":"https:\/\/ombudesk.com\/2025\/06\/25\/vvo-informations-beschwerdestelle\/#primaryimage","url":"https:\/\/ombudesk.com\/wp-content\/uploads\/sites\/4\/2025\/06\/vvo.svg","contentUrl":"https:\/\/ombudesk.com\/wp-content\/uploads\/sites\/4\/2025\/06\/vvo.svg"},{"@type":"BreadcrumbList","@id":"https:\/\/ombudesk.com\/2025\/06\/25\/vvo-informations-beschwerdestelle\/#breadcrumb","itemListElement":[{"@type":"ListItem","position":1,"name":"Home","item":"https:\/\/ombudesk.com\/"},{"@type":"ListItem","position":2,"name":"VVO: Informations- und Beschwerdestelle"}]},{"@type":"WebSite","@id":"https:\/\/ombudesk.com\/#website","url":"https:\/\/ombudesk.com\/","name":"Fallbearbeitungssoftware","description":"Die Software f\u00fcr Schlichtungs- und Ombudsstellen","publisher":{"@id":"https:\/\/ombudesk.com\/#organization"},"potentialAction":[{"@type":"SearchAction","target":{"@type":"EntryPoint","urlTemplate":"https:\/\/ombudesk.com\/?s={search_term_string}"},"query-input":{"@type":"PropertyValueSpecification","valueRequired":true,"valueName":"search_term_string"}}],"inLanguage":"sk-SK"},{"@type":"Organization","@id":"https:\/\/ombudesk.com\/#organization","name":"CIIT GmbH","url":"https:\/\/ombudesk.com\/","logo":{"@type":"ImageObject","inLanguage":"sk-SK","@id":"https:\/\/ombudesk.com\/#\/schema\/logo\/image\/","url":"https:\/\/casetool.eu\/wp-content\/uploads\/sites\/4\/2024\/11\/cropped-CIIT_Logo_Software-Develoment.png","contentUrl":"https:\/\/casetool.eu\/wp-content\/uploads\/sites\/4\/2024\/11\/cropped-CIIT_Logo_Software-Develoment.png","width":512,"height":512,"caption":"CIIT GmbH"},"image":{"@id":"https:\/\/ombudesk.com\/#\/schema\/logo\/image\/"},"sameAs":["https:\/\/www.facebook.com\/CIITIndividualsoftware?locale=de_DE","https:\/\/x.com\/CIIT_at","https:\/\/linkedin.com\/showcase\/ciit-software\/"]},{"@type":"Person","@id":"https:\/\/ombudesk.com\/#\/schema\/person\/255214a5fa3071c6a7a80847fdded370","name":"mona","image":{"@type":"ImageObject","inLanguage":"sk-SK","@id":"https:\/\/secure.gravatar.com\/avatar\/14091415875827a741f7f4a92358f91323acef35d2f15949222a70c26cec61e6?s=96&d=mm&r=g","url":"https:\/\/secure.gravatar.com\/avatar\/14091415875827a741f7f4a92358f91323acef35d2f15949222a70c26cec61e6?s=96&d=mm&r=g","contentUrl":"https:\/\/secure.gravatar.com\/avatar\/14091415875827a741f7f4a92358f91323acef35d2f15949222a70c26cec61e6?s=96&d=mm&r=g","caption":"mona"},"url":"https:\/\/ombudesk.com\/sk\/author\/mona\/"}]}},"_links":{"self":[{"href":"https:\/\/ombudesk.com\/sk\/wp-json\/wp\/v2\/posts\/2580","targetHints":{"allow":["GET"]}}],"collection":[{"href":"https:\/\/ombudesk.com\/sk\/wp-json\/wp\/v2\/posts"}],"about":[{"href":"https:\/\/ombudesk.com\/sk\/wp-json\/wp\/v2\/types\/post"}],"author":[{"embeddable":true,"href":"https:\/\/ombudesk.com\/sk\/wp-json\/wp\/v2\/users\/16"}],"replies":[{"embeddable":true,"href":"https:\/\/ombudesk.com\/sk\/wp-json\/wp\/v2\/comments?post=2580"}],"version-history":[{"count":9,"href":"https:\/\/ombudesk.com\/sk\/wp-json\/wp\/v2\/posts\/2580\/revisions"}],"predecessor-version":[{"id":10132,"href":"https:\/\/ombudesk.com\/sk\/wp-json\/wp\/v2\/posts\/2580\/revisions\/10132"}],"wp:attachment":[{"href":"https:\/\/ombudesk.com\/sk\/wp-json\/wp\/v2\/media?parent=2580"}],"wp:term":[{"taxonomy":"category","embeddable":true,"href":"https:\/\/ombudesk.com\/sk\/wp-json\/wp\/v2\/categories?post=2580"},{"taxonomy":"post_tag","embeddable":true,"href":"https:\/\/ombudesk.com\/sk\/wp-json\/wp\/v2\/tags?post=2580"}],"curies":[{"name":"wp","href":"https:\/\/api.w.org\/{rel}","templated":true}]}}