{"id":4677,"date":"2025-09-08T12:56:17","date_gmt":"2025-09-08T12:56:17","guid":{"rendered":"https:\/\/ombudesk.com\/?p=4677"},"modified":"2026-07-13T14:31:21","modified_gmt":"2026-07-13T14:31:21","slug":"ombudsstelle-stadt-rapperswil-jona","status":"publish","type":"post","link":"https:\/\/ombudesk.com\/sk\/2025\/09\/08\/ombudsstelle-stadt-rapperswil-jona\/","title":{"rendered":"Ombudsstelle: Stadt Rapperswil-Jona"},"content":{"rendered":"<div data-elementor-type=\"wp-post\" data-elementor-id=\"4677\" class=\"elementor elementor-4677\" data-elementor-post-type=\"post\">\n\t\t\t\t<div class=\"elementor-element elementor-element-cc36619 e-flex e-con-boxed e-con e-parent\" data-id=\"cc36619\" data-element_type=\"container\" data-e-type=\"container\">\n\t\t\t\t\t<div class=\"e-con-inner\">\n\t\t\t\t<div class=\"elementor-element elementor-element-9ab5c41 elementor-widget elementor-widget-text-editor\" data-id=\"9ab5c41\" data-element_type=\"widget\" data-e-type=\"widget\" data-widget_type=\"text-editor.default\">\n\t\t\t\t<div class=\"elementor-widget-container\">\n\t\t\t\t\t\t\t\t\t<p>Die Ombudsperson Viviane Sobotich pr\u00fcft innerhalb der <a href=\"https:\/\/www.rapperswil-jona.ch\/ombudsstelle\">Ombudsstelle der Stadt Rapperswil-Jona<\/a> Beschwerden von Einwohner:innen gegen\u00fcber st\u00e4dtischer Dienstleistungsstellen. Dabei ist sie in der Lage, Abkl\u00e4rungen zu treffen, Rat f\u00fcr weiteres Verhalten zu erteilen, Empfehlungen in Bezug auf L\u00f6sungen abzugeben und diese, falls notwendig, den Beh\u00f6ren schriftlich zu unterbreiten. Die Beschwerden m\u00fcssen dabei auf st\u00e4dtische Dienststellen bezogen sein.\u00a0<\/p><p><span style=\"text-decoration: underline;\"><strong>Kontaktujte n\u00e1s<\/strong><\/span>:<\/p><p><a href=\"https:\/\/www.rapperswil-jona.ch\/ombudsstelle\">Tu<\/a> finden Sie alle Informationen, um einen Schlichtungsantrag zu stellen.<\/p><p><span style=\"text-decoration: underline;\"><strong>Email<\/strong><\/span>: <a class=\"icms-link-mailto\" href=\"mailto:ombudsperson@rj.sg.ch\">ombudsperson@rj.sg.ch<\/a><\/p><p><span style=\"text-decoration: underline;\"><strong>Telefon<\/strong><\/span>: <a href=\"http:\/\/tel:0552257199\/\">055 225 71 99<\/a><\/p><p><span style=\"text-decoration: underline;\"><strong>Adresse<\/strong><\/span>:<\/p><p>St. Gallerstrasse 40<\/p><p>8645 Jona<\/p>\t\t\t\t\t\t\t\t<\/div>\n\t\t\t\t<\/div>\n\t\t\t\t\t<\/div>\n\t\t\t\t<\/div>\n\t\t<div class=\"elementor-element elementor-element-32e2d57 e-flex e-con-boxed e-con e-parent\" data-id=\"32e2d57\" data-element_type=\"container\" data-e-type=\"container\">\n\t\t\t\t\t<div class=\"e-con-inner\">\n\t\t\t\t<div class=\"elementor-element elementor-element-89de842 elementor-widget elementor-widget-spacer\" data-id=\"89de842\" data-element_type=\"widget\" data-e-type=\"widget\" data-widget_type=\"spacer.default\">\n\t\t\t\t<div class=\"elementor-widget-container\">\n\t\t\t\t\t\t\t<div class=\"elementor-spacer\">\n\t\t\t<div class=\"elementor-spacer-inner\"><\/div>\n\t\t<\/div>\n\t\t\t\t\t\t<\/div>\n\t\t\t\t<\/div>\n\t\t\t\t<div class=\"elementor-element elementor-element-2502a26 elementor-widget elementor-widget-heading\" data-id=\"2502a26\" data-element_type=\"widget\" data-e-type=\"widget\" data-widget_type=\"heading.default\">\n\t\t\t\t<div class=\"elementor-widget-container\">\n\t\t\t\t\t<h3 class=\"elementor-heading-title elementor-size-default\">\u010eal\u0161ie zmierovacie org\u00e1ny<\/h3>\t\t\t\t<\/div>\n\t\t\t\t<\/div>\n\t\t\t\t<div class=\"elementor-element elementor-element-5b1aba8 elementor-grid-2 elementor-grid-tablet-2 elementor-grid-mobile-1 elementor-posts--thumbnail-top elementor-widget elementor-widget-posts\" data-id=\"5b1aba8\" data-element_type=\"widget\" data-e-type=\"widget\" data-settings=\"{&quot;classic_columns&quot;:&quot;2&quot;,&quot;classic_row_gap&quot;:{&quot;unit&quot;:&quot;px&quot;,&quot;size&quot;:80,&quot;sizes&quot;:[]},&quot;classic_columns_tablet&quot;:&quot;2&quot;,&quot;classic_columns_mobile&quot;:&quot;1&quot;,&quot;classic_row_gap_widescreen&quot;:{&quot;unit&quot;:&quot;px&quot;,&quot;size&quot;:&quot;&quot;,&quot;sizes&quot;:[]},&quot;classic_row_gap_laptop&quot;:{&quot;unit&quot;:&quot;px&quot;,&quot;size&quot;:&quot;&quot;,&quot;sizes&quot;:[]},&quot;classic_row_gap_tablet_extra&quot;:{&quot;unit&quot;:&quot;px&quot;,&quot;size&quot;:&quot;&quot;,&quot;sizes&quot;:[]},&quot;classic_row_gap_tablet&quot;:{&quot;unit&quot;:&quot;px&quot;,&quot;size&quot;:&quot;&quot;,&quot;sizes&quot;:[]},&quot;classic_row_gap_mobile_extra&quot;:{&quot;unit&quot;:&quot;px&quot;,&quot;size&quot;:&quot;&quot;,&quot;sizes&quot;:[]},&quot;classic_row_gap_mobile&quot;:{&quot;unit&quot;:&quot;px&quot;,&quot;size&quot;:&quot;&quot;,&quot;sizes&quot;:[]}}\" data-widget_type=\"posts.classic\">\n\t\t\t\t<div class=\"elementor-widget-container\">\n\t\t\t\t\t\t\t<div class=\"elementor-posts-container elementor-posts elementor-posts--skin-classic elementor-grid\" role=\"list\">\n\t\t\t\t<article class=\"elementor-post elementor-grid-item post-4469 post type-post status-publish format-standard hentry category-reisen category-schweiz tag-ombudesk tag-ombudsman tag-ombudsmann tag-ombudsstelle tag-schlichtungsstelle tag-schweiz tag-verkehr\" role=\"listitem\">\n\t\t\t\t<div class=\"elementor-post__text\">\n\t\t\t\t<h4 class=\"elementor-post__title\">\n\t\t\t<a href=\"https:\/\/ombudesk.com\/sk\/2025\/09\/05\/ombudsstelle-oeffentlicher-verkehr\/\" >\n\t\t\t\tOmbudsstelle \u00f6ffentlicher Verkehr\t\t\t<\/a>\n\t\t<\/h4>\n\t\t\t\t<div class=\"elementor-post__excerpt\">\n\t\t\t<p>Bei Konflikten mit Transportunternehmen im \u00f6ffentlichen Verkehr k\u00f6nnen sich Reisende an die Ombudsstelle \u00f6ffentlicher Verkehr wenden. Diese agiert als unabh\u00e4ngige<\/p>\n\t\t<\/div>\n\t\t\n\t\t<a class=\"elementor-post__read-more\" href=\"https:\/\/ombudesk.com\/sk\/2025\/09\/05\/ombudsstelle-oeffentlicher-verkehr\/\" aria-label=\"Read more about Ombudsstelle \u00f6ffentlicher Verkehr\" tabindex=\"-1\" >\n\t\t\tWeiterlesen\t\t<\/a>\n\n\t\t\t\t<\/div>\n\t\t\t\t<\/article>\n\t\t\t\t<article class=\"elementor-post elementor-grid-item post-4701 post type-post status-publish format-standard hentry category-schweiz category-staatlich-anerkannt tag-ombudesk tag-ombudsman tag-ombudsmann tag-ombudsstelle tag-schlichtungsstelle tag-schweiz tag-waadt\" role=\"listitem\">\n\t\t\t\t<div class=\"elementor-post__text\">\n\t\t\t\t<h4 class=\"elementor-post__title\">\n\t\t\t<a href=\"https:\/\/ombudesk.com\/sk\/2025\/09\/10\/ombudsstelle-kanton-waadt\/\" >\n\t\t\t\tOmbudsstelle: Kanton Waadt\t\t\t<\/a>\n\t\t<\/h4>\n\t\t\t\t<div class=\"elementor-post__excerpt\">\n\t\t\t<p>Die Ombudsstelle Waadt, genannt &#8222;Bureau cantonal de m\u00e9diation administrative&#8220; (BCMA), ist eine zentrale Anlaufstelle f\u00fcr Beschwerden gegen\u00fcber Verwaltung und Beh\u00f6ren<\/p>\n\t\t<\/div>\n\t\t\n\t\t<a class=\"elementor-post__read-more\" href=\"https:\/\/ombudesk.com\/sk\/2025\/09\/10\/ombudsstelle-kanton-waadt\/\" aria-label=\"Read more about Ombudsstelle: Kanton Waadt\" tabindex=\"-1\" >\n\t\t\tWeiterlesen\t\t<\/a>\n\n\t\t\t\t<\/div>\n\t\t\t\t<\/article>\n\t\t\t\t<\/div>\n\t\t\n\t\t\t\t\t\t<\/div>\n\t\t\t\t<\/div>\n\t\t\t\t\t<\/div>\n\t\t\t\t<\/div>\n\t\t\t\t<\/div>","protected":false},"excerpt":{"rendered":"<p>Die Ombudsperson Viviane Sobotich pr\u00fcft innerhalb der Ombudsstelle der Stadt Rapperswil-Jona Beschwerden von Einwohner:innen gegen\u00fcber st\u00e4dtischer Dienstleistungsstellen. Dabei ist sie in der Lage, Abkl\u00e4rungen zu treffen, Rat f\u00fcr weiteres Verhalten zu erteilen, Empfehlungen in Bezug auf L\u00f6sungen abzugeben und diese, falls notwendig, den Beh\u00f6ren schriftlich zu unterbreiten. Die Beschwerden m\u00fcssen dabei auf st\u00e4dtische Dienststellen bezogen [&hellip;]<\/p>\n","protected":false},"author":16,"featured_media":0,"comment_status":"closed","ping_status":"closed","sticky":false,"template":"","format":"standard","meta":{"inline_featured_image":false,"footnotes":""},"categories":[28,22],"tags":[32,36,35,34,58,29,52],"class_list":["post-4677","post","type-post","status-publish","format-standard","hentry","category-schweiz","category-staatlich-anerkannt","tag-ombudesk","tag-ombudsman","tag-ombudsmann","tag-ombudsstelle","tag-rapperswil-jona","tag-schlichtungsstelle","tag-schweiz"],"yoast_head":"<!-- This site is optimized with the Yoast SEO plugin v28.4 - https:\/\/yoast.com\/product\/yoast-seo-wordpress\/ -->\n<title>Ombudsstelle: Stadt Rapperswil-Jona - OmbuDesk<\/title>\n<meta name=\"description\" content=\"Die Ombudsperson pr\u00fcft innerhalb der Ombudsstelle der Stadt Rapperswil-Jona Beschwerden gegen\u00fcber st\u00e4dtischen Dienstleistungsstellen.\" \/>\n<meta name=\"robots\" content=\"index, follow, max-snippet:-1, max-image-preview:large, max-video-preview:-1\" \/>\n<link rel=\"canonical\" href=\"https:\/\/ombudesk.com\/sk\/2025\/09\/08\/ombudsstelle-stadt-rapperswil-jona\/\" \/>\n<meta property=\"og:locale\" content=\"sk_SK\" \/>\n<meta property=\"og:type\" content=\"article\" \/>\n<meta property=\"og:title\" content=\"Ombudsstelle: Stadt Rapperswil-Jona - OmbuDesk\" \/>\n<meta property=\"og:description\" content=\"Die Ombudsperson pr\u00fcft innerhalb der Ombudsstelle der Stadt Rapperswil-Jona Beschwerden gegen\u00fcber st\u00e4dtischen Dienstleistungsstellen.\" \/>\n<meta property=\"og:url\" content=\"https:\/\/ombudesk.com\/sk\/2025\/09\/08\/ombudsstelle-stadt-rapperswil-jona\/\" \/>\n<meta property=\"og:site_name\" content=\"OmbuDesk\" \/>\n<meta property=\"article:publisher\" content=\"https:\/\/www.facebook.com\/CIITIndividualsoftware?locale=de_DE\" \/>\n<meta property=\"article:published_time\" content=\"2025-09-08T12:56:17+00:00\" \/>\n<meta property=\"article:modified_time\" content=\"2026-07-13T14:31:21+00:00\" \/>\n<meta name=\"author\" content=\"mona\" \/>\n<meta name=\"twitter:card\" content=\"summary_large_image\" \/>\n<meta name=\"twitter:creator\" content=\"@CIIT_at\" \/>\n<meta name=\"twitter:site\" content=\"@CIIT_at\" \/>\n<meta name=\"twitter:label1\" content=\"Autor\" \/>\n\t<meta name=\"twitter:data1\" content=\"mona\" \/>\n\t<meta name=\"twitter:label2\" content=\"Predpokladan\u00fd \u010das \u010d\u00edtania\" \/>\n\t<meta name=\"twitter:data2\" content=\"2 min\u00faty\" \/>\n<script type=\"application\/ld+json\" class=\"yoast-schema-graph\">{\"@context\":\"https:\\\/\\\/schema.org\",\"@graph\":[{\"@type\":\"Article\",\"@id\":\"https:\\\/\\\/ombudesk.com\\\/2025\\\/09\\\/08\\\/ombudsstelle-stadt-rapperswil-jona\\\/#article\",\"isPartOf\":{\"@id\":\"https:\\\/\\\/ombudesk.com\\\/2025\\\/09\\\/08\\\/ombudsstelle-stadt-rapperswil-jona\\\/\"},\"author\":{\"name\":\"mona\",\"@id\":\"https:\\\/\\\/ombudesk.com\\\/#\\\/schema\\\/person\\\/255214a5fa3071c6a7a80847fdded370\"},\"headline\":\"Ombudsstelle: Stadt Rapperswil-Jona\",\"datePublished\":\"2025-09-08T12:56:17+00:00\",\"dateModified\":\"2026-07-13T14:31:21+00:00\",\"mainEntityOfPage\":{\"@id\":\"https:\\\/\\\/ombudesk.com\\\/2025\\\/09\\\/08\\\/ombudsstelle-stadt-rapperswil-jona\\\/\"},\"wordCount\":92,\"publisher\":{\"@id\":\"https:\\\/\\\/ombudesk.com\\\/#organization\"},\"keywords\":[\"ombudesk\",\"ombudsman\",\"ombudsmann\",\"ombudsstelle\",\"rapperswil-jona\",\"schlichtungsstelle\",\"schweiz\"],\"articleSection\":[\"Schweiz\",\"Staatlich anerkannt\"],\"inLanguage\":\"sk-SK\"},{\"@type\":\"WebPage\",\"@id\":\"https:\\\/\\\/ombudesk.com\\\/2025\\\/09\\\/08\\\/ombudsstelle-stadt-rapperswil-jona\\\/\",\"url\":\"https:\\\/\\\/ombudesk.com\\\/2025\\\/09\\\/08\\\/ombudsstelle-stadt-rapperswil-jona\\\/\",\"name\":\"Ombudsstelle: Stadt Rapperswil-Jona - OmbuDesk\",\"isPartOf\":{\"@id\":\"https:\\\/\\\/ombudesk.com\\\/#website\"},\"datePublished\":\"2025-09-08T12:56:17+00:00\",\"dateModified\":\"2026-07-13T14:31:21+00:00\",\"description\":\"Die Ombudsperson pr\u00fcft innerhalb der Ombudsstelle der Stadt Rapperswil-Jona Beschwerden gegen\u00fcber st\u00e4dtischen Dienstleistungsstellen.\",\"breadcrumb\":{\"@id\":\"https:\\\/\\\/ombudesk.com\\\/2025\\\/09\\\/08\\\/ombudsstelle-stadt-rapperswil-jona\\\/#breadcrumb\"},\"inLanguage\":\"sk-SK\",\"potentialAction\":[{\"@type\":\"ReadAction\",\"target\":[\"https:\\\/\\\/ombudesk.com\\\/2025\\\/09\\\/08\\\/ombudsstelle-stadt-rapperswil-jona\\\/\"]}]},{\"@type\":\"BreadcrumbList\",\"@id\":\"https:\\\/\\\/ombudesk.com\\\/2025\\\/09\\\/08\\\/ombudsstelle-stadt-rapperswil-jona\\\/#breadcrumb\",\"itemListElement\":[{\"@type\":\"ListItem\",\"position\":1,\"name\":\"Home\",\"item\":\"https:\\\/\\\/ombudesk.com\\\/\"},{\"@type\":\"ListItem\",\"position\":2,\"name\":\"Ombudsstelle: Stadt Rapperswil-Jona\"}]},{\"@type\":\"WebSite\",\"@id\":\"https:\\\/\\\/ombudesk.com\\\/#website\",\"url\":\"https:\\\/\\\/ombudesk.com\\\/\",\"name\":\"Fallbearbeitungssoftware\",\"description\":\"Die Software f\u00fcr Schlichtungs- und Ombudsstellen\",\"publisher\":{\"@id\":\"https:\\\/\\\/ombudesk.com\\\/#organization\"},\"potentialAction\":[{\"@type\":\"SearchAction\",\"target\":{\"@type\":\"EntryPoint\",\"urlTemplate\":\"https:\\\/\\\/ombudesk.com\\\/?s={search_term_string}\"},\"query-input\":{\"@type\":\"PropertyValueSpecification\",\"valueRequired\":true,\"valueName\":\"search_term_string\"}}],\"inLanguage\":\"sk-SK\"},{\"@type\":\"Organization\",\"@id\":\"https:\\\/\\\/ombudesk.com\\\/#organization\",\"name\":\"CIIT GmbH\",\"url\":\"https:\\\/\\\/ombudesk.com\\\/\",\"logo\":{\"@type\":\"ImageObject\",\"inLanguage\":\"sk-SK\",\"@id\":\"https:\\\/\\\/ombudesk.com\\\/#\\\/schema\\\/logo\\\/image\\\/\",\"url\":\"https:\\\/\\\/casetool.eu\\\/wp-content\\\/uploads\\\/sites\\\/4\\\/2024\\\/11\\\/cropped-CIIT_Logo_Software-Develoment.png\",\"contentUrl\":\"https:\\\/\\\/casetool.eu\\\/wp-content\\\/uploads\\\/sites\\\/4\\\/2024\\\/11\\\/cropped-CIIT_Logo_Software-Develoment.png\",\"width\":512,\"height\":512,\"caption\":\"CIIT GmbH\"},\"image\":{\"@id\":\"https:\\\/\\\/ombudesk.com\\\/#\\\/schema\\\/logo\\\/image\\\/\"},\"sameAs\":[\"https:\\\/\\\/www.facebook.com\\\/CIITIndividualsoftware?locale=de_DE\",\"https:\\\/\\\/x.com\\\/CIIT_at\",\"https:\\\/\\\/linkedin.com\\\/showcase\\\/ciit-software\\\/\"]},{\"@type\":\"Person\",\"@id\":\"https:\\\/\\\/ombudesk.com\\\/#\\\/schema\\\/person\\\/255214a5fa3071c6a7a80847fdded370\",\"name\":\"mona\",\"image\":{\"@type\":\"ImageObject\",\"inLanguage\":\"sk-SK\",\"@id\":\"https:\\\/\\\/secure.gravatar.com\\\/avatar\\\/14091415875827a741f7f4a92358f91323acef35d2f15949222a70c26cec61e6?s=96&d=mm&r=g\",\"url\":\"https:\\\/\\\/secure.gravatar.com\\\/avatar\\\/14091415875827a741f7f4a92358f91323acef35d2f15949222a70c26cec61e6?s=96&d=mm&r=g\",\"contentUrl\":\"https:\\\/\\\/secure.gravatar.com\\\/avatar\\\/14091415875827a741f7f4a92358f91323acef35d2f15949222a70c26cec61e6?s=96&d=mm&r=g\",\"caption\":\"mona\"},\"url\":\"https:\\\/\\\/ombudesk.com\\\/sk\\\/author\\\/mona\\\/\"}]}<\/script>\n<!-- \/ Yoast SEO plugin. -->","yoast_head_json":{"title":"Ombudsstelle: Stadt Rapperswil-Jona - OmbuDesk","description":"Die Ombudsperson pr\u00fcft innerhalb der Ombudsstelle der Stadt Rapperswil-Jona Beschwerden gegen\u00fcber st\u00e4dtischen Dienstleistungsstellen.","robots":{"index":"index","follow":"follow","max-snippet":"max-snippet:-1","max-image-preview":"max-image-preview:large","max-video-preview":"max-video-preview:-1"},"canonical":"https:\/\/ombudesk.com\/sk\/2025\/09\/08\/ombudsstelle-stadt-rapperswil-jona\/","og_locale":"sk_SK","og_type":"article","og_title":"Ombudsstelle: Stadt Rapperswil-Jona - OmbuDesk","og_description":"Die Ombudsperson pr\u00fcft innerhalb der Ombudsstelle der Stadt Rapperswil-Jona Beschwerden gegen\u00fcber st\u00e4dtischen Dienstleistungsstellen.","og_url":"https:\/\/ombudesk.com\/sk\/2025\/09\/08\/ombudsstelle-stadt-rapperswil-jona\/","og_site_name":"OmbuDesk","article_publisher":"https:\/\/www.facebook.com\/CIITIndividualsoftware?locale=de_DE","article_published_time":"2025-09-08T12:56:17+00:00","article_modified_time":"2026-07-13T14:31:21+00:00","author":"mona","twitter_card":"summary_large_image","twitter_creator":"@CIIT_at","twitter_site":"@CIIT_at","twitter_misc":{"Autor":"mona","Predpokladan\u00fd \u010das \u010d\u00edtania":"2 min\u00faty"},"schema":{"@context":"https:\/\/schema.org","@graph":[{"@type":"Article","@id":"https:\/\/ombudesk.com\/2025\/09\/08\/ombudsstelle-stadt-rapperswil-jona\/#article","isPartOf":{"@id":"https:\/\/ombudesk.com\/2025\/09\/08\/ombudsstelle-stadt-rapperswil-jona\/"},"author":{"name":"mona","@id":"https:\/\/ombudesk.com\/#\/schema\/person\/255214a5fa3071c6a7a80847fdded370"},"headline":"Ombudsstelle: Stadt Rapperswil-Jona","datePublished":"2025-09-08T12:56:17+00:00","dateModified":"2026-07-13T14:31:21+00:00","mainEntityOfPage":{"@id":"https:\/\/ombudesk.com\/2025\/09\/08\/ombudsstelle-stadt-rapperswil-jona\/"},"wordCount":92,"publisher":{"@id":"https:\/\/ombudesk.com\/#organization"},"keywords":["ombudesk","ombudsman","ombudsmann","ombudsstelle","rapperswil-jona","schlichtungsstelle","schweiz"],"articleSection":["Schweiz","Staatlich anerkannt"],"inLanguage":"sk-SK"},{"@type":"WebPage","@id":"https:\/\/ombudesk.com\/2025\/09\/08\/ombudsstelle-stadt-rapperswil-jona\/","url":"https:\/\/ombudesk.com\/2025\/09\/08\/ombudsstelle-stadt-rapperswil-jona\/","name":"Ombudsstelle: Stadt Rapperswil-Jona - OmbuDesk","isPartOf":{"@id":"https:\/\/ombudesk.com\/#website"},"datePublished":"2025-09-08T12:56:17+00:00","dateModified":"2026-07-13T14:31:21+00:00","description":"Die Ombudsperson pr\u00fcft innerhalb der Ombudsstelle der Stadt Rapperswil-Jona Beschwerden gegen\u00fcber st\u00e4dtischen Dienstleistungsstellen.","breadcrumb":{"@id":"https:\/\/ombudesk.com\/2025\/09\/08\/ombudsstelle-stadt-rapperswil-jona\/#breadcrumb"},"inLanguage":"sk-SK","potentialAction":[{"@type":"ReadAction","target":["https:\/\/ombudesk.com\/2025\/09\/08\/ombudsstelle-stadt-rapperswil-jona\/"]}]},{"@type":"BreadcrumbList","@id":"https:\/\/ombudesk.com\/2025\/09\/08\/ombudsstelle-stadt-rapperswil-jona\/#breadcrumb","itemListElement":[{"@type":"ListItem","position":1,"name":"Home","item":"https:\/\/ombudesk.com\/"},{"@type":"ListItem","position":2,"name":"Ombudsstelle: Stadt Rapperswil-Jona"}]},{"@type":"WebSite","@id":"https:\/\/ombudesk.com\/#website","url":"https:\/\/ombudesk.com\/","name":"Fallbearbeitungssoftware","description":"Die Software f\u00fcr Schlichtungs- und Ombudsstellen","publisher":{"@id":"https:\/\/ombudesk.com\/#organization"},"potentialAction":[{"@type":"SearchAction","target":{"@type":"EntryPoint","urlTemplate":"https:\/\/ombudesk.com\/?s={search_term_string}"},"query-input":{"@type":"PropertyValueSpecification","valueRequired":true,"valueName":"search_term_string"}}],"inLanguage":"sk-SK"},{"@type":"Organization","@id":"https:\/\/ombudesk.com\/#organization","name":"CIIT GmbH","url":"https:\/\/ombudesk.com\/","logo":{"@type":"ImageObject","inLanguage":"sk-SK","@id":"https:\/\/ombudesk.com\/#\/schema\/logo\/image\/","url":"https:\/\/casetool.eu\/wp-content\/uploads\/sites\/4\/2024\/11\/cropped-CIIT_Logo_Software-Develoment.png","contentUrl":"https:\/\/casetool.eu\/wp-content\/uploads\/sites\/4\/2024\/11\/cropped-CIIT_Logo_Software-Develoment.png","width":512,"height":512,"caption":"CIIT GmbH"},"image":{"@id":"https:\/\/ombudesk.com\/#\/schema\/logo\/image\/"},"sameAs":["https:\/\/www.facebook.com\/CIITIndividualsoftware?locale=de_DE","https:\/\/x.com\/CIIT_at","https:\/\/linkedin.com\/showcase\/ciit-software\/"]},{"@type":"Person","@id":"https:\/\/ombudesk.com\/#\/schema\/person\/255214a5fa3071c6a7a80847fdded370","name":"mona","image":{"@type":"ImageObject","inLanguage":"sk-SK","@id":"https:\/\/secure.gravatar.com\/avatar\/14091415875827a741f7f4a92358f91323acef35d2f15949222a70c26cec61e6?s=96&d=mm&r=g","url":"https:\/\/secure.gravatar.com\/avatar\/14091415875827a741f7f4a92358f91323acef35d2f15949222a70c26cec61e6?s=96&d=mm&r=g","contentUrl":"https:\/\/secure.gravatar.com\/avatar\/14091415875827a741f7f4a92358f91323acef35d2f15949222a70c26cec61e6?s=96&d=mm&r=g","caption":"mona"},"url":"https:\/\/ombudesk.com\/sk\/author\/mona\/"}]}},"_links":{"self":[{"href":"https:\/\/ombudesk.com\/sk\/wp-json\/wp\/v2\/posts\/4677","targetHints":{"allow":["GET"]}}],"collection":[{"href":"https:\/\/ombudesk.com\/sk\/wp-json\/wp\/v2\/posts"}],"about":[{"href":"https:\/\/ombudesk.com\/sk\/wp-json\/wp\/v2\/types\/post"}],"author":[{"embeddable":true,"href":"https:\/\/ombudesk.com\/sk\/wp-json\/wp\/v2\/users\/16"}],"replies":[{"embeddable":true,"href":"https:\/\/ombudesk.com\/sk\/wp-json\/wp\/v2\/comments?post=4677"}],"version-history":[{"count":9,"href":"https:\/\/ombudesk.com\/sk\/wp-json\/wp\/v2\/posts\/4677\/revisions"}],"predecessor-version":[{"id":10075,"href":"https:\/\/ombudesk.com\/sk\/wp-json\/wp\/v2\/posts\/4677\/revisions\/10075"}],"wp:attachment":[{"href":"https:\/\/ombudesk.com\/sk\/wp-json\/wp\/v2\/media?parent=4677"}],"wp:term":[{"taxonomy":"category","embeddable":true,"href":"https:\/\/ombudesk.com\/sk\/wp-json\/wp\/v2\/categories?post=4677"},{"taxonomy":"post_tag","embeddable":true,"href":"https:\/\/ombudesk.com\/sk\/wp-json\/wp\/v2\/tags?post=4677"}],"curies":[{"name":"wp","href":"https:\/\/api.w.org\/{rel}","templated":true}]}}