{"id":4775,"date":"2025-11-26T08:31:53","date_gmt":"2025-11-26T08:31:53","guid":{"rendered":"https:\/\/ombudesk.com\/?p=4775"},"modified":"2026-07-13T14:23:07","modified_gmt":"2026-07-13T14:23:07","slug":"ombudsmann-der-privaten-kranken-und-pflegeversicherung","status":"publish","type":"post","link":"https:\/\/ombudesk.com\/sk\/2025\/11\/26\/ombudsmann-der-privaten-kranken-und-pflegeversicherung\/","title":{"rendered":"Ombudsman pre s\u00fakromn\u00e9 zdravotn\u00e9 poistenie a poistenie dlhodobej starostlivosti"},"content":{"rendered":"<div data-elementor-type=\"wp-post\" data-elementor-id=\"4775\" class=\"elementor elementor-4775\" data-elementor-post-type=\"post\">\n\t\t\t\t<div class=\"elementor-element elementor-element-b586dd1 e-flex e-con-boxed e-con e-parent\" data-id=\"b586dd1\" data-element_type=\"container\" data-e-type=\"container\">\n\t\t\t\t\t<div class=\"e-con-inner\">\n\t\t\t\t<div class=\"elementor-element elementor-element-c7a94bc elementor-widget elementor-widget-image\" data-id=\"c7a94bc\" data-element_type=\"widget\" data-e-type=\"widget\" data-widget_type=\"image.default\">\n\t\t\t\t<div class=\"elementor-widget-container\">\n\t\t\t\t\t\t\t\t\t\t\t\t\t\t\t<img decoding=\"async\" width=\"300\" height=\"122\" src=\"https:\/\/ombudesk.com\/wp-content\/uploads\/sites\/4\/2025\/11\/logo-pkvo.svg\" class=\"attachment-medium size-medium wp-image-5161\" alt=\"Ombudsmann Private Kranken- und Pflegeversicherung Logo\" \/>\t\t\t\t\t\t\t\t\t\t\t\t\t\t\t<\/div>\n\t\t\t\t<\/div>\n\t\t\t\t<div class=\"elementor-element elementor-element-15b13ab elementor-widget elementor-widget-text-editor\" data-id=\"15b13ab\" data-element_type=\"widget\" data-e-type=\"widget\" data-widget_type=\"text-editor.default\">\n\t\t\t\t<div class=\"elementor-widget-container\">\n\t\t\t\t\t\t\t\t\t<section id=\"coid_a7942o1\" class=\"co rt_ext_inh item_1 odd first\" data-porder=\"1\" data-pageid=\"403\" data-area=\"page\/body\/main_content\"><div class=\"co_body\"><div class=\"richtext\"><p>Der <a href=\"https:\/\/www.pkv-ombudsmann.de\/\">Ombudsman pre s\u00fakromn\u00e9 zdravotn\u00e9 poistenie a poistenie dlhodobej starostlivosti<\/a> bietet eine Anlaufstelle f\u00fcr Versicherte, die in Konflikt mit Versicherungsunternehmen stehen und diese nicht direkt kl\u00e4ren konnten. Dabei kann es sich um Probleme mit der Krankheitskostenvollversicherung, einer Zusatzversicherung oder Pflegeversicherung handeln. Das jeweilige Unternehmen muss jedoch am Schlichtungsverfahren beteiligt sein.<\/p><p><span style=\"text-decoration: underline;\"><strong>Kontaktujte n\u00e1s<\/strong><\/span>:<\/p><p><a href=\"https:\/\/www.pkv-ombudsmann.de\/schlichtungsverfahren\/schlichtungsantrag-stellen\/online-schlichtungsantrag\/\">Hier k\u00f6nnen Sie online einen Schlichtungsantrag einreichen.<\/a><\/p><p><span style=\"text-decoration: underline;\"><strong>Telefon<\/strong><\/span>: 0800\u00a02 55 04 44<\/p><p><span style=\"text-decoration: underline;\"><strong>Fax<\/strong><\/span>: 030 20458931<\/p><p><span style=\"text-decoration: underline;\"><strong>Adresse<\/strong><\/span>:<\/p><p>Ombudsman pre s\u00fakromn\u00e9 zdravotn\u00e9 poistenie a poistenie dlhodobej starostlivosti<\/p><p>Postfach 06 02 22<\/p><p>10052 Berlin<\/p><\/div><\/div><\/section><section id=\"coid_a7942o2\" class=\"co rt_ext_inh item_2 even inner\" data-porder=\"2\" data-pageid=\"403\" data-area=\"page\/body\/main_content\"><header class=\"co_head\"><\/header><\/section>\t\t\t\t\t\t\t\t<\/div>\n\t\t\t\t<\/div>\n\t\t\t\t\t<\/div>\n\t\t\t\t<\/div>\n\t\t<div class=\"elementor-element elementor-element-5e26ed4 e-flex e-con-boxed e-con e-parent\" data-id=\"5e26ed4\" data-element_type=\"container\" data-e-type=\"container\">\n\t\t\t\t\t<div class=\"e-con-inner\">\n\t\t\t\t<div class=\"elementor-element elementor-element-9edef51 elementor-widget elementor-widget-spacer\" data-id=\"9edef51\" data-element_type=\"widget\" data-e-type=\"widget\" data-widget_type=\"spacer.default\">\n\t\t\t\t<div class=\"elementor-widget-container\">\n\t\t\t\t\t\t\t<div class=\"elementor-spacer\">\n\t\t\t<div class=\"elementor-spacer-inner\"><\/div>\n\t\t<\/div>\n\t\t\t\t\t\t<\/div>\n\t\t\t\t<\/div>\n\t\t\t\t<div class=\"elementor-element elementor-element-e3d0973 elementor-widget elementor-widget-heading\" data-id=\"e3d0973\" data-element_type=\"widget\" data-e-type=\"widget\" data-widget_type=\"heading.default\">\n\t\t\t\t<div class=\"elementor-widget-container\">\n\t\t\t\t\t<h3 class=\"elementor-heading-title elementor-size-default\">\u010eal\u0161ie zmierovacie org\u00e1ny<\/h3>\t\t\t\t<\/div>\n\t\t\t\t<\/div>\n\t\t\t\t<div class=\"elementor-element elementor-element-080cf16 elementor-grid-2 elementor-grid-tablet-2 elementor-grid-mobile-1 elementor-posts--thumbnail-top elementor-widget elementor-widget-posts\" data-id=\"080cf16\" data-element_type=\"widget\" data-e-type=\"widget\" data-settings=\"{&quot;classic_columns&quot;:&quot;2&quot;,&quot;classic_row_gap&quot;:{&quot;unit&quot;:&quot;px&quot;,&quot;size&quot;:80,&quot;sizes&quot;:[]},&quot;classic_columns_tablet&quot;:&quot;2&quot;,&quot;classic_columns_mobile&quot;:&quot;1&quot;,&quot;classic_row_gap_widescreen&quot;:{&quot;unit&quot;:&quot;px&quot;,&quot;size&quot;:&quot;&quot;,&quot;sizes&quot;:[]},&quot;classic_row_gap_laptop&quot;:{&quot;unit&quot;:&quot;px&quot;,&quot;size&quot;:&quot;&quot;,&quot;sizes&quot;:[]},&quot;classic_row_gap_tablet_extra&quot;:{&quot;unit&quot;:&quot;px&quot;,&quot;size&quot;:&quot;&quot;,&quot;sizes&quot;:[]},&quot;classic_row_gap_tablet&quot;:{&quot;unit&quot;:&quot;px&quot;,&quot;size&quot;:&quot;&quot;,&quot;sizes&quot;:[]},&quot;classic_row_gap_mobile_extra&quot;:{&quot;unit&quot;:&quot;px&quot;,&quot;size&quot;:&quot;&quot;,&quot;sizes&quot;:[]},&quot;classic_row_gap_mobile&quot;:{&quot;unit&quot;:&quot;px&quot;,&quot;size&quot;:&quot;&quot;,&quot;sizes&quot;:[]}}\" data-widget_type=\"posts.classic\">\n\t\t\t\t<div class=\"elementor-widget-container\">\n\t\t\t\t\t\t\t<div class=\"elementor-posts-container elementor-posts elementor-posts--skin-classic elementor-grid\" role=\"list\">\n\t\t\t\t<article class=\"elementor-post elementor-grid-item post-4796 post type-post status-publish format-standard hentry category-allgemeines category-deutschland tag-mediation tag-ombudesk tag-ombudsman tag-ombudsmann tag-ombudsstelle tag-rechtsanwaltschaft tag-schlichtungsstelle\" role=\"listitem\">\n\t\t\t\t<div class=\"elementor-post__text\">\n\t\t\t\t<h4 class=\"elementor-post__title\">\n\t\t\t<a href=\"https:\/\/ombudesk.com\/sk\/2025\/09\/12\/schlichtungsstelle-der-rechtsanwaltschaft\/\" >\n\t\t\t\tArbitr\u00e1\u017ene centrum pr\u00e1vnickej profesie\t\t\t<\/a>\n\t\t<\/h4>\n\t\t\t\t<div class=\"elementor-post__excerpt\">\n\t\t\t<p>Die Schlichtungsstelle der Rechtsanwaltschaft mediiert als neutrale Vermittlungsperson zwischen Mandat:innen und Rechtsanw\u00e4lt:innen. Dabei kann es sich etwa um Konflikte im<\/p>\n\t\t<\/div>\n\t\t\n\t\t<a class=\"elementor-post__read-more\" href=\"https:\/\/ombudesk.com\/sk\/2025\/09\/12\/schlichtungsstelle-der-rechtsanwaltschaft\/\" aria-label=\"Read more about Schlichtungsstelle der Rechtsanwaltschaft\" tabindex=\"-1\" >\n\t\t\tWeiterlesen\t\t<\/a>\n\n\t\t\t\t<\/div>\n\t\t\t\t<\/article>\n\t\t\t\t<article class=\"elementor-post elementor-grid-item post-7541 post type-post status-publish format-standard hentry category-deutschland category-kinder-und-jugendhilfe\" role=\"listitem\">\n\t\t\t\t<div class=\"elementor-post__text\">\n\t\t\t\t<h4 class=\"elementor-post__title\">\n\t\t\t<a href=\"https:\/\/ombudesk.com\/sk\/2026\/05\/22\/ombudsstelle-des-kinder-und-jugendhilferechtsverein-dresden-ombudesk-verzeichnis\/\" >\n\t\t\t\tOmbudsstelle des Kinder- und Jugendhilferechtsverein Dresden\t\t\t<\/a>\n\t\t<\/h4>\n\t\t\t\t<div class=\"elementor-post__excerpt\">\n\t\t\t<p>Die Ombudsstelle der Kinder- und Jugendhilfe Dresden ist der Kinder- und Jugendhilferechtsverein e.V. (KJRV).\u00a0 Die Ombudsstelle steht Kindern, Jugendlichen, jungen<\/p>\n\t\t<\/div>\n\t\t\n\t\t<a class=\"elementor-post__read-more\" href=\"https:\/\/ombudesk.com\/sk\/2026\/05\/22\/ombudsstelle-des-kinder-und-jugendhilferechtsverein-dresden-ombudesk-verzeichnis\/\" aria-label=\"Read more about Ombudsstelle des Kinder- und Jugendhilferechtsverein Dresden\" tabindex=\"-1\" >\n\t\t\tWeiterlesen\t\t<\/a>\n\n\t\t\t\t<\/div>\n\t\t\t\t<\/article>\n\t\t\t\t<\/div>\n\t\t\n\t\t\t\t\t\t<\/div>\n\t\t\t\t<\/div>\n\t\t\t\t\t<\/div>\n\t\t\t\t<\/div>\n\t\t\t\t<\/div>","protected":false},"excerpt":{"rendered":"<p>Der Ombudsmann Private Kranken- und Pflegeversicherung bietet eine Anlaufstelle f\u00fcr Versicherte, die in Konflikt mit Versicherungsunternehmen stehen und diese nicht direkt kl\u00e4ren konnten. Dabei kann es sich um Probleme mit der Krankheitskostenvollversicherung, einer Zusatzversicherung oder Pflegeversicherung handeln. Das jeweilige Unternehmen muss jedoch am Schlichtungsverfahren beteiligt sein. Kontakt: Hier k\u00f6nnen Sie online einen Schlichtungsantrag einreichen. Telefon: [&hellip;]<\/p>\n","protected":false},"author":16,"featured_media":0,"comment_status":"closed","ping_status":"closed","sticky":false,"template":"","format":"standard","meta":{"inline_featured_image":false,"footnotes":""},"categories":[26,17],"tags":[47,32,36,35,34,48,29],"class_list":["post-4775","post","type-post","status-publish","format-standard","hentry","category-deutschland","category-versicherungen","tag-krankenversicherung","tag-ombudesk","tag-ombudsman","tag-ombudsmann","tag-ombudsstelle","tag-pflegeversicherung","tag-schlichtungsstelle"],"yoast_head":"<!-- This site is optimized with the Yoast SEO plugin v28.4 - https:\/\/yoast.com\/product\/yoast-seo-wordpress\/ -->\n<title>Ombudsmann Private Kranken- und Pflegeversicherung - OmbuDesk<\/title>\n<meta name=\"description\" content=\"Der Ombudsmann Private Kranken- und Pflegeversicherung bietet eine Anlaufstelle f\u00fcr Versicherte in Konflikt mit Versicherungsunternehmen.\" \/>\n<meta name=\"robots\" content=\"index, follow, max-snippet:-1, max-image-preview:large, max-video-preview:-1\" \/>\n<link rel=\"canonical\" href=\"https:\/\/ombudesk.com\/sk\/2025\/11\/26\/ombudsmann-der-privaten-kranken-und-pflegeversicherung\/\" \/>\n<meta property=\"og:locale\" content=\"sk_SK\" \/>\n<meta property=\"og:type\" content=\"article\" \/>\n<meta property=\"og:title\" content=\"Ombudsmann Private Kranken- und Pflegeversicherung - OmbuDesk\" \/>\n<meta property=\"og:description\" content=\"Der Ombudsmann Private Kranken- und Pflegeversicherung bietet eine Anlaufstelle f\u00fcr Versicherte in Konflikt mit Versicherungsunternehmen.\" \/>\n<meta property=\"og:url\" content=\"https:\/\/ombudesk.com\/sk\/2025\/11\/26\/ombudsmann-der-privaten-kranken-und-pflegeversicherung\/\" \/>\n<meta property=\"og:site_name\" content=\"OmbuDesk\" \/>\n<meta property=\"article:publisher\" content=\"https:\/\/www.facebook.com\/CIITIndividualsoftware?locale=de_DE\" \/>\n<meta property=\"article:published_time\" content=\"2025-11-26T08:31:53+00:00\" \/>\n<meta property=\"article:modified_time\" content=\"2026-07-13T14:23:07+00:00\" \/>\n<meta name=\"author\" content=\"mona\" \/>\n<meta name=\"twitter:card\" content=\"summary_large_image\" \/>\n<meta name=\"twitter:creator\" content=\"@CIIT_at\" \/>\n<meta name=\"twitter:site\" content=\"@CIIT_at\" \/>\n<meta name=\"twitter:label1\" content=\"Autor\" \/>\n\t<meta name=\"twitter:data1\" content=\"mona\" \/>\n\t<meta name=\"twitter:label2\" content=\"Predpokladan\u00fd \u010das \u010d\u00edtania\" \/>\n\t<meta name=\"twitter:data2\" content=\"2 min\u00faty\" \/>\n<script type=\"application\/ld+json\" class=\"yoast-schema-graph\">{\"@context\":\"https:\\\/\\\/schema.org\",\"@graph\":[{\"@type\":[\"Article\",\"Report\"],\"@id\":\"https:\\\/\\\/ombudesk.com\\\/2025\\\/11\\\/26\\\/ombudsmann-der-privaten-kranken-und-pflegeversicherung\\\/#article\",\"isPartOf\":{\"@id\":\"https:\\\/\\\/ombudesk.com\\\/2025\\\/11\\\/26\\\/ombudsmann-der-privaten-kranken-und-pflegeversicherung\\\/\"},\"author\":{\"name\":\"mona\",\"@id\":\"https:\\\/\\\/ombudesk.com\\\/#\\\/schema\\\/person\\\/255214a5fa3071c6a7a80847fdded370\"},\"headline\":\"Ombudsmann Private Kranken- und Pflegeversicherung\",\"datePublished\":\"2025-11-26T08:31:53+00:00\",\"dateModified\":\"2026-07-13T14:23:07+00:00\",\"mainEntityOfPage\":{\"@id\":\"https:\\\/\\\/ombudesk.com\\\/2025\\\/11\\\/26\\\/ombudsmann-der-privaten-kranken-und-pflegeversicherung\\\/\"},\"wordCount\":74,\"publisher\":{\"@id\":\"https:\\\/\\\/ombudesk.com\\\/#organization\"},\"image\":{\"@id\":\"https:\\\/\\\/ombudesk.com\\\/2025\\\/11\\\/26\\\/ombudsmann-der-privaten-kranken-und-pflegeversicherung\\\/#primaryimage\"},\"thumbnailUrl\":\"https:\\\/\\\/ombudesk.com\\\/wp-content\\\/uploads\\\/sites\\\/4\\\/2025\\\/11\\\/logo-pkvo.svg\",\"keywords\":[\"krankenversicherung\",\"ombudesk\",\"ombudsman\",\"ombudsmann\",\"ombudsstelle\",\"pflegeversicherung\",\"schlichtungsstelle\"],\"articleSection\":[\"Deutschland\",\"Versicherungen\"],\"inLanguage\":\"sk-SK\"},{\"@type\":[\"WebPage\",\"ItemPage\"],\"@id\":\"https:\\\/\\\/ombudesk.com\\\/2025\\\/11\\\/26\\\/ombudsmann-der-privaten-kranken-und-pflegeversicherung\\\/\",\"url\":\"https:\\\/\\\/ombudesk.com\\\/2025\\\/11\\\/26\\\/ombudsmann-der-privaten-kranken-und-pflegeversicherung\\\/\",\"name\":\"Ombudsmann Private Kranken- und Pflegeversicherung - OmbuDesk\",\"isPartOf\":{\"@id\":\"https:\\\/\\\/ombudesk.com\\\/#website\"},\"primaryImageOfPage\":{\"@id\":\"https:\\\/\\\/ombudesk.com\\\/2025\\\/11\\\/26\\\/ombudsmann-der-privaten-kranken-und-pflegeversicherung\\\/#primaryimage\"},\"image\":{\"@id\":\"https:\\\/\\\/ombudesk.com\\\/2025\\\/11\\\/26\\\/ombudsmann-der-privaten-kranken-und-pflegeversicherung\\\/#primaryimage\"},\"thumbnailUrl\":\"https:\\\/\\\/ombudesk.com\\\/wp-content\\\/uploads\\\/sites\\\/4\\\/2025\\\/11\\\/logo-pkvo.svg\",\"datePublished\":\"2025-11-26T08:31:53+00:00\",\"dateModified\":\"2026-07-13T14:23:07+00:00\",\"description\":\"Der Ombudsmann Private Kranken- und Pflegeversicherung bietet eine Anlaufstelle f\u00fcr Versicherte in Konflikt mit Versicherungsunternehmen.\",\"breadcrumb\":{\"@id\":\"https:\\\/\\\/ombudesk.com\\\/2025\\\/11\\\/26\\\/ombudsmann-der-privaten-kranken-und-pflegeversicherung\\\/#breadcrumb\"},\"inLanguage\":\"sk-SK\",\"potentialAction\":[{\"@type\":\"ReadAction\",\"target\":[\"https:\\\/\\\/ombudesk.com\\\/2025\\\/11\\\/26\\\/ombudsmann-der-privaten-kranken-und-pflegeversicherung\\\/\"]}]},{\"@type\":\"ImageObject\",\"inLanguage\":\"sk-SK\",\"@id\":\"https:\\\/\\\/ombudesk.com\\\/2025\\\/11\\\/26\\\/ombudsmann-der-privaten-kranken-und-pflegeversicherung\\\/#primaryimage\",\"url\":\"https:\\\/\\\/ombudesk.com\\\/wp-content\\\/uploads\\\/sites\\\/4\\\/2025\\\/11\\\/logo-pkvo.svg\",\"contentUrl\":\"https:\\\/\\\/ombudesk.com\\\/wp-content\\\/uploads\\\/sites\\\/4\\\/2025\\\/11\\\/logo-pkvo.svg\"},{\"@type\":\"BreadcrumbList\",\"@id\":\"https:\\\/\\\/ombudesk.com\\\/2025\\\/11\\\/26\\\/ombudsmann-der-privaten-kranken-und-pflegeversicherung\\\/#breadcrumb\",\"itemListElement\":[{\"@type\":\"ListItem\",\"position\":1,\"name\":\"Home\",\"item\":\"https:\\\/\\\/ombudesk.com\\\/\"},{\"@type\":\"ListItem\",\"position\":2,\"name\":\"Ombudsmann Private Kranken- und Pflegeversicherung\"}]},{\"@type\":\"WebSite\",\"@id\":\"https:\\\/\\\/ombudesk.com\\\/#website\",\"url\":\"https:\\\/\\\/ombudesk.com\\\/\",\"name\":\"Fallbearbeitungssoftware\",\"description\":\"Die Software f\u00fcr Schlichtungs- und Ombudsstellen\",\"publisher\":{\"@id\":\"https:\\\/\\\/ombudesk.com\\\/#organization\"},\"potentialAction\":[{\"@type\":\"SearchAction\",\"target\":{\"@type\":\"EntryPoint\",\"urlTemplate\":\"https:\\\/\\\/ombudesk.com\\\/?s={search_term_string}\"},\"query-input\":{\"@type\":\"PropertyValueSpecification\",\"valueRequired\":true,\"valueName\":\"search_term_string\"}}],\"inLanguage\":\"sk-SK\"},{\"@type\":\"Organization\",\"@id\":\"https:\\\/\\\/ombudesk.com\\\/#organization\",\"name\":\"CIIT GmbH\",\"url\":\"https:\\\/\\\/ombudesk.com\\\/\",\"logo\":{\"@type\":\"ImageObject\",\"inLanguage\":\"sk-SK\",\"@id\":\"https:\\\/\\\/ombudesk.com\\\/#\\\/schema\\\/logo\\\/image\\\/\",\"url\":\"https:\\\/\\\/casetool.eu\\\/wp-content\\\/uploads\\\/sites\\\/4\\\/2024\\\/11\\\/cropped-CIIT_Logo_Software-Develoment.png\",\"contentUrl\":\"https:\\\/\\\/casetool.eu\\\/wp-content\\\/uploads\\\/sites\\\/4\\\/2024\\\/11\\\/cropped-CIIT_Logo_Software-Develoment.png\",\"width\":512,\"height\":512,\"caption\":\"CIIT GmbH\"},\"image\":{\"@id\":\"https:\\\/\\\/ombudesk.com\\\/#\\\/schema\\\/logo\\\/image\\\/\"},\"sameAs\":[\"https:\\\/\\\/www.facebook.com\\\/CIITIndividualsoftware?locale=de_DE\",\"https:\\\/\\\/x.com\\\/CIIT_at\",\"https:\\\/\\\/linkedin.com\\\/showcase\\\/ciit-software\\\/\"]},{\"@type\":\"Person\",\"@id\":\"https:\\\/\\\/ombudesk.com\\\/#\\\/schema\\\/person\\\/255214a5fa3071c6a7a80847fdded370\",\"name\":\"mona\",\"image\":{\"@type\":\"ImageObject\",\"inLanguage\":\"sk-SK\",\"@id\":\"https:\\\/\\\/secure.gravatar.com\\\/avatar\\\/14091415875827a741f7f4a92358f91323acef35d2f15949222a70c26cec61e6?s=96&d=mm&r=g\",\"url\":\"https:\\\/\\\/secure.gravatar.com\\\/avatar\\\/14091415875827a741f7f4a92358f91323acef35d2f15949222a70c26cec61e6?s=96&d=mm&r=g\",\"contentUrl\":\"https:\\\/\\\/secure.gravatar.com\\\/avatar\\\/14091415875827a741f7f4a92358f91323acef35d2f15949222a70c26cec61e6?s=96&d=mm&r=g\",\"caption\":\"mona\"},\"url\":\"https:\\\/\\\/ombudesk.com\\\/sk\\\/author\\\/mona\\\/\"}]}<\/script>\n<!-- \/ Yoast SEO plugin. -->","yoast_head_json":{"title":"Ombudsmann Private Kranken- und Pflegeversicherung - OmbuDesk","description":"Der Ombudsmann Private Kranken- und Pflegeversicherung bietet eine Anlaufstelle f\u00fcr Versicherte in Konflikt mit Versicherungsunternehmen.","robots":{"index":"index","follow":"follow","max-snippet":"max-snippet:-1","max-image-preview":"max-image-preview:large","max-video-preview":"max-video-preview:-1"},"canonical":"https:\/\/ombudesk.com\/sk\/2025\/11\/26\/ombudsmann-der-privaten-kranken-und-pflegeversicherung\/","og_locale":"sk_SK","og_type":"article","og_title":"Ombudsmann Private Kranken- und Pflegeversicherung - OmbuDesk","og_description":"Der Ombudsmann Private Kranken- und Pflegeversicherung bietet eine Anlaufstelle f\u00fcr Versicherte in Konflikt mit Versicherungsunternehmen.","og_url":"https:\/\/ombudesk.com\/sk\/2025\/11\/26\/ombudsmann-der-privaten-kranken-und-pflegeversicherung\/","og_site_name":"OmbuDesk","article_publisher":"https:\/\/www.facebook.com\/CIITIndividualsoftware?locale=de_DE","article_published_time":"2025-11-26T08:31:53+00:00","article_modified_time":"2026-07-13T14:23:07+00:00","author":"mona","twitter_card":"summary_large_image","twitter_creator":"@CIIT_at","twitter_site":"@CIIT_at","twitter_misc":{"Autor":"mona","Predpokladan\u00fd \u010das \u010d\u00edtania":"2 min\u00faty"},"schema":{"@context":"https:\/\/schema.org","@graph":[{"@type":["Article","Report"],"@id":"https:\/\/ombudesk.com\/2025\/11\/26\/ombudsmann-der-privaten-kranken-und-pflegeversicherung\/#article","isPartOf":{"@id":"https:\/\/ombudesk.com\/2025\/11\/26\/ombudsmann-der-privaten-kranken-und-pflegeversicherung\/"},"author":{"name":"mona","@id":"https:\/\/ombudesk.com\/#\/schema\/person\/255214a5fa3071c6a7a80847fdded370"},"headline":"Ombudsmann Private Kranken- und Pflegeversicherung","datePublished":"2025-11-26T08:31:53+00:00","dateModified":"2026-07-13T14:23:07+00:00","mainEntityOfPage":{"@id":"https:\/\/ombudesk.com\/2025\/11\/26\/ombudsmann-der-privaten-kranken-und-pflegeversicherung\/"},"wordCount":74,"publisher":{"@id":"https:\/\/ombudesk.com\/#organization"},"image":{"@id":"https:\/\/ombudesk.com\/2025\/11\/26\/ombudsmann-der-privaten-kranken-und-pflegeversicherung\/#primaryimage"},"thumbnailUrl":"https:\/\/ombudesk.com\/wp-content\/uploads\/sites\/4\/2025\/11\/logo-pkvo.svg","keywords":["krankenversicherung","ombudesk","ombudsman","ombudsmann","ombudsstelle","pflegeversicherung","schlichtungsstelle"],"articleSection":["Deutschland","Versicherungen"],"inLanguage":"sk-SK"},{"@type":["WebPage","ItemPage"],"@id":"https:\/\/ombudesk.com\/2025\/11\/26\/ombudsmann-der-privaten-kranken-und-pflegeversicherung\/","url":"https:\/\/ombudesk.com\/2025\/11\/26\/ombudsmann-der-privaten-kranken-und-pflegeversicherung\/","name":"Ombudsmann Private Kranken- und Pflegeversicherung - OmbuDesk","isPartOf":{"@id":"https:\/\/ombudesk.com\/#website"},"primaryImageOfPage":{"@id":"https:\/\/ombudesk.com\/2025\/11\/26\/ombudsmann-der-privaten-kranken-und-pflegeversicherung\/#primaryimage"},"image":{"@id":"https:\/\/ombudesk.com\/2025\/11\/26\/ombudsmann-der-privaten-kranken-und-pflegeversicherung\/#primaryimage"},"thumbnailUrl":"https:\/\/ombudesk.com\/wp-content\/uploads\/sites\/4\/2025\/11\/logo-pkvo.svg","datePublished":"2025-11-26T08:31:53+00:00","dateModified":"2026-07-13T14:23:07+00:00","description":"Der Ombudsmann Private Kranken- und Pflegeversicherung bietet eine Anlaufstelle f\u00fcr Versicherte in Konflikt mit Versicherungsunternehmen.","breadcrumb":{"@id":"https:\/\/ombudesk.com\/2025\/11\/26\/ombudsmann-der-privaten-kranken-und-pflegeversicherung\/#breadcrumb"},"inLanguage":"sk-SK","potentialAction":[{"@type":"ReadAction","target":["https:\/\/ombudesk.com\/2025\/11\/26\/ombudsmann-der-privaten-kranken-und-pflegeversicherung\/"]}]},{"@type":"ImageObject","inLanguage":"sk-SK","@id":"https:\/\/ombudesk.com\/2025\/11\/26\/ombudsmann-der-privaten-kranken-und-pflegeversicherung\/#primaryimage","url":"https:\/\/ombudesk.com\/wp-content\/uploads\/sites\/4\/2025\/11\/logo-pkvo.svg","contentUrl":"https:\/\/ombudesk.com\/wp-content\/uploads\/sites\/4\/2025\/11\/logo-pkvo.svg"},{"@type":"BreadcrumbList","@id":"https:\/\/ombudesk.com\/2025\/11\/26\/ombudsmann-der-privaten-kranken-und-pflegeversicherung\/#breadcrumb","itemListElement":[{"@type":"ListItem","position":1,"name":"Home","item":"https:\/\/ombudesk.com\/"},{"@type":"ListItem","position":2,"name":"Ombudsmann Private Kranken- und Pflegeversicherung"}]},{"@type":"WebSite","@id":"https:\/\/ombudesk.com\/#website","url":"https:\/\/ombudesk.com\/","name":"Fallbearbeitungssoftware","description":"Die Software f\u00fcr Schlichtungs- und Ombudsstellen","publisher":{"@id":"https:\/\/ombudesk.com\/#organization"},"potentialAction":[{"@type":"SearchAction","target":{"@type":"EntryPoint","urlTemplate":"https:\/\/ombudesk.com\/?s={search_term_string}"},"query-input":{"@type":"PropertyValueSpecification","valueRequired":true,"valueName":"search_term_string"}}],"inLanguage":"sk-SK"},{"@type":"Organization","@id":"https:\/\/ombudesk.com\/#organization","name":"CIIT GmbH","url":"https:\/\/ombudesk.com\/","logo":{"@type":"ImageObject","inLanguage":"sk-SK","@id":"https:\/\/ombudesk.com\/#\/schema\/logo\/image\/","url":"https:\/\/casetool.eu\/wp-content\/uploads\/sites\/4\/2024\/11\/cropped-CIIT_Logo_Software-Develoment.png","contentUrl":"https:\/\/casetool.eu\/wp-content\/uploads\/sites\/4\/2024\/11\/cropped-CIIT_Logo_Software-Develoment.png","width":512,"height":512,"caption":"CIIT GmbH"},"image":{"@id":"https:\/\/ombudesk.com\/#\/schema\/logo\/image\/"},"sameAs":["https:\/\/www.facebook.com\/CIITIndividualsoftware?locale=de_DE","https:\/\/x.com\/CIIT_at","https:\/\/linkedin.com\/showcase\/ciit-software\/"]},{"@type":"Person","@id":"https:\/\/ombudesk.com\/#\/schema\/person\/255214a5fa3071c6a7a80847fdded370","name":"mona","image":{"@type":"ImageObject","inLanguage":"sk-SK","@id":"https:\/\/secure.gravatar.com\/avatar\/14091415875827a741f7f4a92358f91323acef35d2f15949222a70c26cec61e6?s=96&d=mm&r=g","url":"https:\/\/secure.gravatar.com\/avatar\/14091415875827a741f7f4a92358f91323acef35d2f15949222a70c26cec61e6?s=96&d=mm&r=g","contentUrl":"https:\/\/secure.gravatar.com\/avatar\/14091415875827a741f7f4a92358f91323acef35d2f15949222a70c26cec61e6?s=96&d=mm&r=g","caption":"mona"},"url":"https:\/\/ombudesk.com\/sk\/author\/mona\/"}]}},"_links":{"self":[{"href":"https:\/\/ombudesk.com\/sk\/wp-json\/wp\/v2\/posts\/4775","targetHints":{"allow":["GET"]}}],"collection":[{"href":"https:\/\/ombudesk.com\/sk\/wp-json\/wp\/v2\/posts"}],"about":[{"href":"https:\/\/ombudesk.com\/sk\/wp-json\/wp\/v2\/types\/post"}],"author":[{"embeddable":true,"href":"https:\/\/ombudesk.com\/sk\/wp-json\/wp\/v2\/users\/16"}],"replies":[{"embeddable":true,"href":"https:\/\/ombudesk.com\/sk\/wp-json\/wp\/v2\/comments?post=4775"}],"version-history":[{"count":10,"href":"https:\/\/ombudesk.com\/sk\/wp-json\/wp\/v2\/posts\/4775\/revisions"}],"predecessor-version":[{"id":10009,"href":"https:\/\/ombudesk.com\/sk\/wp-json\/wp\/v2\/posts\/4775\/revisions\/10009"}],"wp:attachment":[{"href":"https:\/\/ombudesk.com\/sk\/wp-json\/wp\/v2\/media?parent=4775"}],"wp:term":[{"taxonomy":"category","embeddable":true,"href":"https:\/\/ombudesk.com\/sk\/wp-json\/wp\/v2\/categories?post=4775"},{"taxonomy":"post_tag","embeddable":true,"href":"https:\/\/ombudesk.com\/sk\/wp-json\/wp\/v2\/tags?post=4775"}],"curies":[{"name":"wp","href":"https:\/\/api.w.org\/{rel}","templated":true}]}}